{"id":8291,"date":"2026-09-01T13:20:08","date_gmt":"2026-09-01T11:20:08","guid":{"rendered":"http:\/\/www.straz.pulawy.pl\/?p=8291"},"modified":"2026-09-01T13:20:14","modified_gmt":"2026-09-01T11:20:14","slug":"wreczenie-odznaki-iuvenis-forti-mlodym-bohaterom","status":"publish","type":"post","link":"https:\/\/www.straz.pulawy.pl\/?p=8291","title":{"rendered":"Wr\u0119czenie odznaki &#8220;Iuvenis Forti&#8221; m\u0142odym bohaterom"},"content":{"rendered":"\n<p class=\"wp-block-paragraph\">Dnia 1 wrze\u015bnia br.  trakcie uroczysto\u015bci z okazji rozpocz\u0119cia roku szkolnego w Szkole Podstawowej nr 9 w Pu\u0142awach mia\u0142a miejsce szczeg\u00f3lna chwila. W imieniu Komendanta G\u0142\u00f3wnego Pa\u0144stwowej Stra\u017cy Po\u017carnej nadbryg. Wojciecha Kruczka, Komendant Powiatowy PSP w Pu\u0142awach st. bryg. Krzysztof Morawski wr\u0119czy\u0142 uczniom klasy 6 tej szko\u0142y<\/p>\n\n\n\n<p class=\"wp-block-paragraph\"><img loading=\"lazy\" decoding=\"async\" height=\"16\" width=\"16\" alt=\"\ud83d\udc49\" src=\"https:\/\/static.xx.fbcdn.net\/images\/emoji.php\/v9\/t51\/1\/16\/1f449.png\">Igorowi Rusek oraz<\/p>\n\n\n\n<p class=\"wp-block-paragraph\"><img loading=\"lazy\" decoding=\"async\" height=\"16\" width=\"16\" alt=\"\ud83d\udc49\" src=\"https:\/\/static.xx.fbcdn.net\/images\/emoji.php\/v9\/t51\/1\/16\/1f449.png\"> Aleksandrowi Janiszowi<\/p>\n\n\n\n<p class=\"wp-block-paragraph\">&#8211; odznak\u0119 \u201eIuvenis Forti\u201d za bohatersk\u0105 postaw\u0119 i odwag\u0119.<\/p>\n\n\n\n<p class=\"wp-block-paragraph\">Dnia 26 marca br. dw\u00f3ch uczni\u00f3w szko\u0142y podstawowej wraca\u0142o do domu po lekcjach szkolnych. Nagle us\u0142yszeli krzyk i p\u0142acz, a na trybunach za szko\u0142\u0105 zobaczyli zakrwawionego koleg\u0119 z r\u00f3wnoleg\u0142ej klasy. Natychmiast do niego podbiegli i zacz\u0119li dzia\u0142a\u0107. Za pomoc\u0105 chusteczek higienicznych, kt\u00f3re mieli przy sobie przyst\u0105pili do tamowania krwi. Chwycili za telefon i profesjonalnie wezwali pogotowie ratunkowe. R\u00f3wnocze\u015bnie zawiadomili obecnych jeszcze w plac\u00f3wce pracownik\u00f3w o tym, co si\u0119 sta\u0142o. Ch\u0142opcy, mimo padaj\u0105cego deszczu byli przy poszkodowanym i go wspierali przez ca\u0142y czas a\u017c do momentu przyjazdu karetki.<\/p>\n\n\n\n<p class=\"wp-block-paragraph\">Odznaka \u201eIuvenis Forti\u201d przyznawana jest przez komendanta g\u0142\u00f3wnego PSP dzieciom i m\u0142odzie\u017cy do lat 18, kt\u00f3re swoj\u0105 wzorow\u0105, godn\u0105 do na\u015bladowania postaw\u0105 przyczyni\u0142y si\u0119 do uratowania \u017cycia i zdrowia innych os\u00f3b.<\/p>\n\n\n\n<p class=\"wp-block-paragraph\">Historia Igora i Aleksandra pokazuje, \u017ce bohaterem mo\u017cna zosta\u0107 niezale\u017cnie od wieku. To symboliczne odznaczenie jest uk\u0142onem w kierunku dzieci i m\u0142odzie\u017cy, dla kt\u00f3rych warto\u015bci\u0105 w \u017cyciu jest tak\u017ce pomoc innym.<\/p>\n\n\n\n<figure class=\"wp-block-gallery has-nested-images columns-default is-cropped wp-block-gallery-1 is-layout-flex wp-block-gallery-is-layout-flex\">\n<figure class=\"wp-block-image size-large\"><img loading=\"lazy\" decoding=\"async\" width=\"1024\" height=\"768\" data-id=\"8287\" src=\"http:\/\/www.straz.pulawy.pl\/wp-content\/uploads\/2026\/09\/WhatsApp-Image-2026-09-01-at-09.33.04ww-1024x768.jpeg\" alt=\"\" class=\"wp-image-8287\" srcset=\"https:\/\/www.straz.pulawy.pl\/wp-content\/uploads\/2026\/09\/WhatsApp-Image-2026-09-01-at-09.33.04ww-1024x768.jpeg 1024w, https:\/\/www.straz.pulawy.pl\/wp-content\/uploads\/2026\/09\/WhatsApp-Image-2026-09-01-at-09.33.04ww-300x225.jpeg 300w, https:\/\/www.straz.pulawy.pl\/wp-content\/uploads\/2026\/09\/WhatsApp-Image-2026-09-01-at-09.33.04ww-768x576.jpeg 768w, https:\/\/www.straz.pulawy.pl\/wp-content\/uploads\/2026\/09\/WhatsApp-Image-2026-09-01-at-09.33.04ww-501x375.jpeg 501w, https:\/\/www.straz.pulawy.pl\/wp-content\/uploads\/2026\/09\/WhatsApp-Image-2026-09-01-at-09.33.04ww.jpeg 1507w\" sizes=\"auto, (max-width: 1024px) 100vw, 1024px\" \/><\/figure>\n\n\n\n<figure class=\"wp-block-image size-large\"><img loading=\"lazy\" decoding=\"async\" width=\"768\" height=\"1024\" data-id=\"8288\" src=\"http:\/\/www.straz.pulawy.pl\/wp-content\/uploads\/2026\/09\/WhatsApp-Image-2026-09-01-at-09.31.33ww-768x1024.jpeg\" alt=\"\" class=\"wp-image-8288\" srcset=\"https:\/\/www.straz.pulawy.pl\/wp-content\/uploads\/2026\/09\/WhatsApp-Image-2026-09-01-at-09.31.33ww-768x1024.jpeg 768w, https:\/\/www.straz.pulawy.pl\/wp-content\/uploads\/2026\/09\/WhatsApp-Image-2026-09-01-at-09.31.33ww-225x300.jpeg 225w, https:\/\/www.straz.pulawy.pl\/wp-content\/uploads\/2026\/09\/WhatsApp-Image-2026-09-01-at-09.31.33ww-1152x1536.jpeg 1152w, https:\/\/www.straz.pulawy.pl\/wp-content\/uploads\/2026\/09\/WhatsApp-Image-2026-09-01-at-09.31.33ww-370x494.jpeg 370w, https:\/\/www.straz.pulawy.pl\/wp-content\/uploads\/2026\/09\/WhatsApp-Image-2026-09-01-at-09.31.33ww.jpeg 1200w\" sizes=\"auto, (max-width: 768px) 100vw, 768px\" \/><\/figure>\n\n\n\n<figure class=\"wp-block-image size-large\"><img loading=\"lazy\" decoding=\"async\" width=\"1024\" height=\"683\" data-id=\"8290\" src=\"http:\/\/www.straz.pulawy.pl\/wp-content\/uploads\/2026\/09\/IMG_5314w-1024x683.jpg\" alt=\"\" class=\"wp-image-8290\" srcset=\"https:\/\/www.straz.pulawy.pl\/wp-content\/uploads\/2026\/09\/IMG_5314w-1024x683.jpg 1024w, https:\/\/www.straz.pulawy.pl\/wp-content\/uploads\/2026\/09\/IMG_5314w-300x200.jpg 300w, https:\/\/www.straz.pulawy.pl\/wp-content\/uploads\/2026\/09\/IMG_5314w-768x512.jpg 768w, https:\/\/www.straz.pulawy.pl\/wp-content\/uploads\/2026\/09\/IMG_5314w-1536x1024.jpg 1536w, https:\/\/www.straz.pulawy.pl\/wp-content\/uploads\/2026\/09\/IMG_5314w-2048x1365.jpg 2048w, https:\/\/www.straz.pulawy.pl\/wp-content\/uploads\/2026\/09\/IMG_5314w-345x230.jpg 345w, https:\/\/www.straz.pulawy.pl\/wp-content\/uploads\/2026\/09\/IMG_5314w-770x513.jpg 770w, https:\/\/www.straz.pulawy.pl\/wp-content\/uploads\/2026\/09\/IMG_5314w-370x247.jpg 370w, https:\/\/www.straz.pulawy.pl\/wp-content\/uploads\/2026\/09\/IMG_5314w-440x294.jpg 440w, https:\/\/www.straz.pulawy.pl\/wp-content\/uploads\/2026\/09\/IMG_5314w-570x380.jpg 570w, https:\/\/www.straz.pulawy.pl\/wp-content\/uploads\/2026\/09\/IMG_5314w-170x113.jpg 170w\" sizes=\"auto, (max-width: 1024px) 100vw, 1024px\" \/><\/figure>\n\n\n\n<figure class=\"wp-block-image size-large\"><img loading=\"lazy\" decoding=\"async\" width=\"1024\" height=\"817\" data-id=\"8289\" src=\"http:\/\/www.straz.pulawy.pl\/wp-content\/uploads\/2026\/09\/IMG_5319www-1024x817.jpg\" alt=\"\" class=\"wp-image-8289\" srcset=\"https:\/\/www.straz.pulawy.pl\/wp-content\/uploads\/2026\/09\/IMG_5319www-1024x817.jpg 1024w, https:\/\/www.straz.pulawy.pl\/wp-content\/uploads\/2026\/09\/IMG_5319www-300x239.jpg 300w, https:\/\/www.straz.pulawy.pl\/wp-content\/uploads\/2026\/09\/IMG_5319www-768x613.jpg 768w, https:\/\/www.straz.pulawy.pl\/wp-content\/uploads\/2026\/09\/IMG_5319www-1536x1226.jpg 1536w, https:\/\/www.straz.pulawy.pl\/wp-content\/uploads\/2026\/09\/IMG_5319www-2048x1635.jpg 2048w, https:\/\/www.straz.pulawy.pl\/wp-content\/uploads\/2026\/09\/IMG_5319www-100x80.jpg 100w\" sizes=\"auto, (max-width: 1024px) 100vw, 1024px\" \/><\/figure>\n<\/figure>\n","protected":false},"excerpt":{"rendered":"<p>Dnia 1 wrze\u015bnia br. trakcie uroczysto\u015bci z okazji rozpocz\u0119cia roku szkolnego w Szkole Podstawowej nr 9 w Pu\u0142awach mia\u0142a miejsce szczeg\u00f3lna chwila. W imieniu Komendanta G\u0142\u00f3wnego Pa\u0144stwowej Stra\u017cy Po\u017carnej nadbryg. Wojciecha Kruczka, Komendant Powiatowy PSP w Pu\u0142awach st. bryg. Krzysztof Morawski wr\u0119czy\u0142 uczniom klasy 6 tej szko\u0142y Igorowi Rusek oraz Aleksandrowi Janiszowi &#8211; odznak\u0119 \u201eIuvenis [&hellip;]<\/p>\n","protected":false},"author":3,"featured_media":8293,"comment_status":"closed","ping_status":"open","sticky":false,"template":"","format":"standard","meta":{"footnotes":"","_links_to":"","_links_to_target":""},"categories":[1],"tags":[],"class_list":["post-8291","post","type-post","status-publish","format-standard","has-post-thumbnail","hentry","category-aktualnosci"],"_links":{"self":[{"href":"https:\/\/www.straz.pulawy.pl\/index.php?rest_route=\/wp\/v2\/posts\/8291","targetHints":{"allow":["GET"]}}],"collection":[{"href":"https:\/\/www.straz.pulawy.pl\/index.php?rest_route=\/wp\/v2\/posts"}],"about":[{"href":"https:\/\/www.straz.pulawy.pl\/index.php?rest_route=\/wp\/v2\/types\/post"}],"author":[{"embeddable":true,"href":"https:\/\/www.straz.pulawy.pl\/index.php?rest_route=\/wp\/v2\/users\/3"}],"replies":[{"embeddable":true,"href":"https:\/\/www.straz.pulawy.pl\/index.php?rest_route=%2Fwp%2Fv2%2Fcomments&post=8291"}],"version-history":[{"count":1,"href":"https:\/\/www.straz.pulawy.pl\/index.php?rest_route=\/wp\/v2\/posts\/8291\/revisions"}],"predecessor-version":[{"id":8292,"href":"https:\/\/www.straz.pulawy.pl\/index.php?rest_route=\/wp\/v2\/posts\/8291\/revisions\/8292"}],"wp:featuredmedia":[{"embeddable":true,"href":"https:\/\/www.straz.pulawy.pl\/index.php?rest_route=\/wp\/v2\/media\/8293"}],"wp:attachment":[{"href":"https:\/\/www.straz.pulawy.pl\/index.php?rest_route=%2Fwp%2Fv2%2Fmedia&parent=8291"}],"wp:term":[{"taxonomy":"category","embeddable":true,"href":"https:\/\/www.straz.pulawy.pl\/index.php?rest_route=%2Fwp%2Fv2%2Fcategories&post=8291"},{"taxonomy":"post_tag","embeddable":true,"href":"https:\/\/www.straz.pulawy.pl\/index.php?rest_route=%2Fwp%2Fv2%2Ftags&post=8291"}],"curies":[{"name":"wp","href":"https:\/\/api.w.org\/{rel}","templated":true}]}}