{"id":8050,"date":"2026-04-29T14:53:48","date_gmt":"2026-04-29T12:53:48","guid":{"rendered":"https:\/\/www.straz.pulawy.pl\/?p=8050"},"modified":"2026-04-29T14:53:51","modified_gmt":"2026-04-29T12:53:51","slug":"pikniki-edukacyjne-realizowane-w-ramach-akademii-ochrony-ludnosci-i-obrony-cywilnej","status":"publish","type":"post","link":"https:\/\/www.straz.pulawy.pl\/?p=8050","title":{"rendered":"Pikniki edukacyjne realizowane w ramach Akademii Ochrony Ludno\u015bci i Obrony Cywilnej"},"content":{"rendered":"\n<p>Zapraszamy do udzia\u0142u w Piknikach Edukacyjnych Akademii Ochrony Ludno\u015bci i Obrony Cywilnej!<\/p>\n\n\n\n<p>Pikniki odb\u0119d\u0105 si\u0119 w ramach tegorocznych obchod\u00f3w Dnia Stra\u017caka, na wszystkich szczeblach struktur organizacyjnych Pa\u0144stwowej Stra\u017cy Po\u017carnej.<\/p>\n\n\n\n<p>Spotkajmy si\u0119 w Twoim mie\u015bcie, aby wsp\u00f3lnie budowa\u0107 bezpieczn\u0105 przysz\u0142o\u015b\u0107!&nbsp;<br><br>Lista piknik\u00f3w organizowanych z okazji Wojew\u00f3dzkich Obchod\u00f3w Dnia Stra\u017caka :<\/p>\n\n\n\n<ul class=\"wp-block-list\">\n<li>4 maja &#8211; Warszawa &#8211; Centralne Obchody Dnia Stra\u017caka<\/li>\n\n\n\n<li>7 maja &#8211; Bia\u0142ystok (woj. podlaskie)<\/li>\n\n\n\n<li>8 maja &#8211; Tarnowskie G\u00f3ry (woj. \u015bl\u0105skie)<\/li>\n\n\n\n<li>9 maja &#8211; Szczecin (woj. zachodniopomorskie)<\/li>\n\n\n\n<li>9 maja &#8211; Pi\u0142a (woj. wielkopolskie)<\/li>\n\n\n\n<li>12 maja &#8211; Zielona G\u00f3ra (woj. lubuskie)<\/li>\n\n\n\n<li>14 maja &#8211; Gda\u0144sk (woj. pomorskie)<\/li>\n\n\n\n<li>14 maja &#8211; Krasnystaw (woj. lubelskie)<\/li>\n\n\n\n<li>15 maja &#8211; Brzeg (woj. opolskie)<\/li>\n\n\n\n<li>16 maja &#8211; Wroc\u0142aw (woj. dolno\u015bl\u0105skie)<\/li>\n\n\n\n<li>16 maja &#8211; \u0141\u00f3d\u017a (woj. \u0142\u00f3dzkie)<\/li>\n\n\n\n<li>20 maja &#8211; Gi\u017cycko (woj. warmi\u0144sko-mazurskie)<\/li>\n\n\n\n<li>21 maja &#8211; Brzoz\u00f3w (woj. podkarpackie)<\/li>\n\n\n\n<li>22 maja &#8211; Grudzi\u0105dz (woj. kujawsko-pomorskie)<\/li>\n\n\n\n<li>23 maja &#8211; Warszawa (woj. mazowieckie)<\/li>\n\n\n\n<li>23 maja &#8211; D\u0105browa Tarnowska (woj. ma\u0142opolskie)<\/li>\n\n\n\n<li>29 maja &#8211; Ko\u0144skie (woj. \u015bwi\u0119tokrzyskie)<\/li>\n<\/ul>\n\n\n\n<figure class=\"wp-block-image size-large\"><img loading=\"lazy\" decoding=\"async\" width=\"1024\" height=\"1024\" src=\"https:\/\/www.straz.pulawy.pl\/wp-content\/uploads\/2026\/04\/683310785_1299637875687870_9125126626257886670_n-1024x1024.jpg\" alt=\"\" class=\"wp-image-8051\" srcset=\"https:\/\/www.straz.pulawy.pl\/wp-content\/uploads\/2026\/04\/683310785_1299637875687870_9125126626257886670_n-1024x1024.jpg 1024w, https:\/\/www.straz.pulawy.pl\/wp-content\/uploads\/2026\/04\/683310785_1299637875687870_9125126626257886670_n-300x300.jpg 300w, https:\/\/www.straz.pulawy.pl\/wp-content\/uploads\/2026\/04\/683310785_1299637875687870_9125126626257886670_n-150x150.jpg 150w, https:\/\/www.straz.pulawy.pl\/wp-content\/uploads\/2026\/04\/683310785_1299637875687870_9125126626257886670_n-768x768.jpg 768w, https:\/\/www.straz.pulawy.pl\/wp-content\/uploads\/2026\/04\/683310785_1299637875687870_9125126626257886670_n-1536x1536.jpg 1536w, https:\/\/www.straz.pulawy.pl\/wp-content\/uploads\/2026\/04\/683310785_1299637875687870_9125126626257886670_n-170x170.jpg 170w, https:\/\/www.straz.pulawy.pl\/wp-content\/uploads\/2026\/04\/683310785_1299637875687870_9125126626257886670_n-370x370.jpg 370w, https:\/\/www.straz.pulawy.pl\/wp-content\/uploads\/2026\/04\/683310785_1299637875687870_9125126626257886670_n-440x440.jpg 440w, https:\/\/www.straz.pulawy.pl\/wp-content\/uploads\/2026\/04\/683310785_1299637875687870_9125126626257886670_n.jpg 2048w\" sizes=\"auto, (max-width: 1024px) 100vw, 1024px\" \/><\/figure>\n","protected":false},"excerpt":{"rendered":"<p>Zapraszamy do udzia\u0142u w Piknikach Edukacyjnych Akademii Ochrony Ludno\u015bci i Obrony Cywilnej! Pikniki odb\u0119d\u0105 si\u0119 w ramach tegorocznych obchod\u00f3w Dnia Stra\u017caka, na wszystkich szczeblach struktur organizacyjnych Pa\u0144stwowej Stra\u017cy Po\u017carnej. Spotkajmy si\u0119 w Twoim mie\u015bcie, aby wsp\u00f3lnie budowa\u0107 bezpieczn\u0105 przysz\u0142o\u015b\u0107!&nbsp; Lista piknik\u00f3w organizowanych z okazji Wojew\u00f3dzkich Obchod\u00f3w Dnia Stra\u017caka :<\/p>\n","protected":false},"author":2,"featured_media":8052,"comment_status":"closed","ping_status":"open","sticky":false,"template":"","format":"standard","meta":{"footnotes":"","_links_to":"","_links_to_target":""},"categories":[1,3],"tags":[],"class_list":["post-8050","post","type-post","status-publish","format-standard","has-post-thumbnail","hentry","category-aktualnosci","category-wazny-news"],"_links":{"self":[{"href":"https:\/\/www.straz.pulawy.pl\/index.php?rest_route=\/wp\/v2\/posts\/8050","targetHints":{"allow":["GET"]}}],"collection":[{"href":"https:\/\/www.straz.pulawy.pl\/index.php?rest_route=\/wp\/v2\/posts"}],"about":[{"href":"https:\/\/www.straz.pulawy.pl\/index.php?rest_route=\/wp\/v2\/types\/post"}],"author":[{"embeddable":true,"href":"https:\/\/www.straz.pulawy.pl\/index.php?rest_route=\/wp\/v2\/users\/2"}],"replies":[{"embeddable":true,"href":"https:\/\/www.straz.pulawy.pl\/index.php?rest_route=%2Fwp%2Fv2%2Fcomments&post=8050"}],"version-history":[{"count":1,"href":"https:\/\/www.straz.pulawy.pl\/index.php?rest_route=\/wp\/v2\/posts\/8050\/revisions"}],"predecessor-version":[{"id":8053,"href":"https:\/\/www.straz.pulawy.pl\/index.php?rest_route=\/wp\/v2\/posts\/8050\/revisions\/8053"}],"wp:featuredmedia":[{"embeddable":true,"href":"https:\/\/www.straz.pulawy.pl\/index.php?rest_route=\/wp\/v2\/media\/8052"}],"wp:attachment":[{"href":"https:\/\/www.straz.pulawy.pl\/index.php?rest_route=%2Fwp%2Fv2%2Fmedia&parent=8050"}],"wp:term":[{"taxonomy":"category","embeddable":true,"href":"https:\/\/www.straz.pulawy.pl\/index.php?rest_route=%2Fwp%2Fv2%2Fcategories&post=8050"},{"taxonomy":"post_tag","embeddable":true,"href":"https:\/\/www.straz.pulawy.pl\/index.php?rest_route=%2Fwp%2Fv2%2Ftags&post=8050"}],"curies":[{"name":"wp","href":"https:\/\/api.w.org\/{rel}","templated":true}]}}