{"id":7947,"date":"2026-03-11T13:06:54","date_gmt":"2026-03-11T12:06:54","guid":{"rendered":"https:\/\/www.straz.pulawy.pl\/?p=7947"},"modified":"2026-04-03T10:30:56","modified_gmt":"2026-04-03T08:30:56","slug":"powolanie-na-stanowisko-komendanta-powiatowego-psp-w-pulawach","status":"publish","type":"post","link":"https:\/\/www.straz.pulawy.pl\/?p=7947","title":{"rendered":"Powo\u0142anie na stanowisko Komendanta Powiatowego PSP w Pu\u0142awach"},"content":{"rendered":"\n<p>11 marca 2026 roku w Komendzie Powiatowej PSP w Pu\u0142awach mia\u0142 miejsce uroczysty apel z okazji powo\u0142ania na stanowisko Komendanta Powiatowego Pa\u0144stwowej Stra\u017cy Po\u017carnej w Pu\u0142awach.<\/p>\n\n\n\n<p>Uroczysto\u015b\u0107 rozpocz\u0119\u0142a si\u0119 z\u0142o\u017ceniem meldunku przez dow\u00f3dc\u0119 uroczysto\u015bci, kt\u00f3ry przyj\u0105\u0142 Lubelski Komendant Wojew\u00f3dzki PSP w Lublinie st. bryg. Zenon Pisiewicz. Nast\u0119pnie na uroczysto\u015b\u0107 wprowadzony zosta\u0142 sztandar Komendy Powiatowej PSP w Pu\u0142awach oraz odegrano hymn Rzeczypospolitej Polskiej.<\/p>\n\n\n\n<p>Punktem kulminacyjnym uroczysto\u015bci by\u0142o odczytanie aktu powo\u0142ania st. bryg. Krzysztofa Morawskiego na stanowisko Komendanta Powiatowego oraz przywitanie si\u0119 ze sztandarem Komendy Powiatowej Pa\u0144stwowej Stra\u017cy Po\u017carnej w Pu\u0142awach.<\/p>\n\n\n\n<p><\/p>\n\n\n\n<p>Uroczysto\u015b\u0107 swoj\u0105 obecno\u015bci\u0105 zaszczycili:<\/p>\n\n\n\n<p>\u2022 st. bryg. Zenon Pisiewicz \u2013 Lubelski Komendant Wojew\u00f3dzki PSP w Lublinie,<\/p>\n\n\n\n<p>\u2022 Pani Teresa Gutowska\u2013 Starosta Pu\u0142awski,<\/p>\n\n\n\n<p>\u2022 przedstawiciele samorz\u0105du terytorialnego z terenu powiatu pu\u0142awskiego<\/p>\n\n\n\n<p>\u2022 przedstawiciele s\u0142u\u017cb i instytucji wsp\u00f3\u0142pracuj\u0105cych z KP PSP w Pu\u0142awach<\/p>\n\n\n\n<p>\u2022 byli komendanci wojew\u00f3dzcy i powiatowi z terenu woj. lubelskiego<\/p>\n\n\n\n<p>\u2022 ks. Jerzy W\u0119zka&nbsp; &#8211; kapelan pu\u0142awskich stra\u017cak\u00f3w<\/p>\n\n\n\n<p>\u2022 stra\u017cacy i pracownicy z Komendy Powiatowej Pa\u0144stwowej Stra\u017cy Po\u017carnej w Pu\u0142awach<\/p>\n\n\n\n<figure class=\"wp-block-gallery has-nested-images columns-default is-cropped wp-block-gallery-1 is-layout-flex wp-block-gallery-is-layout-flex\">\n<figure class=\"wp-block-image size-large\"><img loading=\"lazy\" decoding=\"async\" width=\"1024\" height=\"683\" data-id=\"7954\" src=\"https:\/\/www.straz.pulawy.pl\/wp-content\/uploads\/2026\/03\/WhatsApp-Image-2026-03-11-at-10.43.23-1024x683.jpeg\" alt=\"\" class=\"wp-image-7954\" srcset=\"https:\/\/www.straz.pulawy.pl\/wp-content\/uploads\/2026\/03\/WhatsApp-Image-2026-03-11-at-10.43.23-1024x683.jpeg 1024w, https:\/\/www.straz.pulawy.pl\/wp-content\/uploads\/2026\/03\/WhatsApp-Image-2026-03-11-at-10.43.23-300x200.jpeg 300w, https:\/\/www.straz.pulawy.pl\/wp-content\/uploads\/2026\/03\/WhatsApp-Image-2026-03-11-at-10.43.23-768x512.jpeg 768w, https:\/\/www.straz.pulawy.pl\/wp-content\/uploads\/2026\/03\/WhatsApp-Image-2026-03-11-at-10.43.23-1536x1024.jpeg 1536w, https:\/\/www.straz.pulawy.pl\/wp-content\/uploads\/2026\/03\/WhatsApp-Image-2026-03-11-at-10.43.23-345x230.jpeg 345w, https:\/\/www.straz.pulawy.pl\/wp-content\/uploads\/2026\/03\/WhatsApp-Image-2026-03-11-at-10.43.23-770x513.jpeg 770w, https:\/\/www.straz.pulawy.pl\/wp-content\/uploads\/2026\/03\/WhatsApp-Image-2026-03-11-at-10.43.23-370x247.jpeg 370w, https:\/\/www.straz.pulawy.pl\/wp-content\/uploads\/2026\/03\/WhatsApp-Image-2026-03-11-at-10.43.23-440x294.jpeg 440w, https:\/\/www.straz.pulawy.pl\/wp-content\/uploads\/2026\/03\/WhatsApp-Image-2026-03-11-at-10.43.23-570x380.jpeg 570w, https:\/\/www.straz.pulawy.pl\/wp-content\/uploads\/2026\/03\/WhatsApp-Image-2026-03-11-at-10.43.23-170x113.jpeg 170w, https:\/\/www.straz.pulawy.pl\/wp-content\/uploads\/2026\/03\/WhatsApp-Image-2026-03-11-at-10.43.23.jpeg 1620w\" sizes=\"auto, (max-width: 1024px) 100vw, 1024px\" \/><\/figure>\n\n\n\n<figure class=\"wp-block-image size-large\"><img loading=\"lazy\" decoding=\"async\" width=\"1024\" height=\"683\" data-id=\"7941\" src=\"https:\/\/www.straz.pulawy.pl\/wp-content\/uploads\/2026\/03\/WhatsApp-Image-2026-03-11-at-10.40.43-7-1024x683.jpeg\" alt=\"\" class=\"wp-image-7941\" srcset=\"https:\/\/www.straz.pulawy.pl\/wp-content\/uploads\/2026\/03\/WhatsApp-Image-2026-03-11-at-10.40.43-7-1024x683.jpeg 1024w, https:\/\/www.straz.pulawy.pl\/wp-content\/uploads\/2026\/03\/WhatsApp-Image-2026-03-11-at-10.40.43-7-300x200.jpeg 300w, https:\/\/www.straz.pulawy.pl\/wp-content\/uploads\/2026\/03\/WhatsApp-Image-2026-03-11-at-10.40.43-7-768x512.jpeg 768w, https:\/\/www.straz.pulawy.pl\/wp-content\/uploads\/2026\/03\/WhatsApp-Image-2026-03-11-at-10.40.43-7-1536x1024.jpeg 1536w, https:\/\/www.straz.pulawy.pl\/wp-content\/uploads\/2026\/03\/WhatsApp-Image-2026-03-11-at-10.40.43-7-345x230.jpeg 345w, https:\/\/www.straz.pulawy.pl\/wp-content\/uploads\/2026\/03\/WhatsApp-Image-2026-03-11-at-10.40.43-7-770x513.jpeg 770w, https:\/\/www.straz.pulawy.pl\/wp-content\/uploads\/2026\/03\/WhatsApp-Image-2026-03-11-at-10.40.43-7-370x247.jpeg 370w, https:\/\/www.straz.pulawy.pl\/wp-content\/uploads\/2026\/03\/WhatsApp-Image-2026-03-11-at-10.40.43-7-440x294.jpeg 440w, https:\/\/www.straz.pulawy.pl\/wp-content\/uploads\/2026\/03\/WhatsApp-Image-2026-03-11-at-10.40.43-7-570x380.jpeg 570w, https:\/\/www.straz.pulawy.pl\/wp-content\/uploads\/2026\/03\/WhatsApp-Image-2026-03-11-at-10.40.43-7-170x113.jpeg 170w, https:\/\/www.straz.pulawy.pl\/wp-content\/uploads\/2026\/03\/WhatsApp-Image-2026-03-11-at-10.40.43-7.jpeg 1620w\" sizes=\"auto, (max-width: 1024px) 100vw, 1024px\" \/><\/figure>\n\n\n\n<figure class=\"wp-block-image size-large\"><img loading=\"lazy\" decoding=\"async\" width=\"1024\" height=\"683\" data-id=\"7949\" src=\"https:\/\/www.straz.pulawy.pl\/wp-content\/uploads\/2026\/03\/WhatsApp-Image-2026-03-11-at-10.40.51-7-1024x683.jpeg\" alt=\"\" class=\"wp-image-7949\" srcset=\"https:\/\/www.straz.pulawy.pl\/wp-content\/uploads\/2026\/03\/WhatsApp-Image-2026-03-11-at-10.40.51-7-1024x683.jpeg 1024w, https:\/\/www.straz.pulawy.pl\/wp-content\/uploads\/2026\/03\/WhatsApp-Image-2026-03-11-at-10.40.51-7-300x200.jpeg 300w, https:\/\/www.straz.pulawy.pl\/wp-content\/uploads\/2026\/03\/WhatsApp-Image-2026-03-11-at-10.40.51-7-768x512.jpeg 768w, https:\/\/www.straz.pulawy.pl\/wp-content\/uploads\/2026\/03\/WhatsApp-Image-2026-03-11-at-10.40.51-7-1536x1024.jpeg 1536w, https:\/\/www.straz.pulawy.pl\/wp-content\/uploads\/2026\/03\/WhatsApp-Image-2026-03-11-at-10.40.51-7-345x230.jpeg 345w, https:\/\/www.straz.pulawy.pl\/wp-content\/uploads\/2026\/03\/WhatsApp-Image-2026-03-11-at-10.40.51-7-770x513.jpeg 770w, https:\/\/www.straz.pulawy.pl\/wp-content\/uploads\/2026\/03\/WhatsApp-Image-2026-03-11-at-10.40.51-7-370x247.jpeg 370w, https:\/\/www.straz.pulawy.pl\/wp-content\/uploads\/2026\/03\/WhatsApp-Image-2026-03-11-at-10.40.51-7-440x294.jpeg 440w, https:\/\/www.straz.pulawy.pl\/wp-content\/uploads\/2026\/03\/WhatsApp-Image-2026-03-11-at-10.40.51-7-570x380.jpeg 570w, https:\/\/www.straz.pulawy.pl\/wp-content\/uploads\/2026\/03\/WhatsApp-Image-2026-03-11-at-10.40.51-7-170x113.jpeg 170w, https:\/\/www.straz.pulawy.pl\/wp-content\/uploads\/2026\/03\/WhatsApp-Image-2026-03-11-at-10.40.51-7.jpeg 1620w\" sizes=\"auto, (max-width: 1024px) 100vw, 1024px\" \/><\/figure>\n\n\n\n<figure class=\"wp-block-image size-large\"><img loading=\"lazy\" decoding=\"async\" width=\"1024\" height=\"683\" data-id=\"7956\" src=\"https:\/\/www.straz.pulawy.pl\/wp-content\/uploads\/2026\/03\/WhatsApp-Image-2026-03-11-at-10.40.52-3-1024x683.jpeg\" alt=\"\" class=\"wp-image-7956\" srcset=\"https:\/\/www.straz.pulawy.pl\/wp-content\/uploads\/2026\/03\/WhatsApp-Image-2026-03-11-at-10.40.52-3-1024x683.jpeg 1024w, https:\/\/www.straz.pulawy.pl\/wp-content\/uploads\/2026\/03\/WhatsApp-Image-2026-03-11-at-10.40.52-3-300x200.jpeg 300w, https:\/\/www.straz.pulawy.pl\/wp-content\/uploads\/2026\/03\/WhatsApp-Image-2026-03-11-at-10.40.52-3-768x512.jpeg 768w, https:\/\/www.straz.pulawy.pl\/wp-content\/uploads\/2026\/03\/WhatsApp-Image-2026-03-11-at-10.40.52-3-1536x1024.jpeg 1536w, https:\/\/www.straz.pulawy.pl\/wp-content\/uploads\/2026\/03\/WhatsApp-Image-2026-03-11-at-10.40.52-3-345x230.jpeg 345w, https:\/\/www.straz.pulawy.pl\/wp-content\/uploads\/2026\/03\/WhatsApp-Image-2026-03-11-at-10.40.52-3-770x513.jpeg 770w, https:\/\/www.straz.pulawy.pl\/wp-content\/uploads\/2026\/03\/WhatsApp-Image-2026-03-11-at-10.40.52-3-370x247.jpeg 370w, https:\/\/www.straz.pulawy.pl\/wp-content\/uploads\/2026\/03\/WhatsApp-Image-2026-03-11-at-10.40.52-3-440x294.jpeg 440w, https:\/\/www.straz.pulawy.pl\/wp-content\/uploads\/2026\/03\/WhatsApp-Image-2026-03-11-at-10.40.52-3-570x380.jpeg 570w, https:\/\/www.straz.pulawy.pl\/wp-content\/uploads\/2026\/03\/WhatsApp-Image-2026-03-11-at-10.40.52-3-170x113.jpeg 170w, https:\/\/www.straz.pulawy.pl\/wp-content\/uploads\/2026\/03\/WhatsApp-Image-2026-03-11-at-10.40.52-3.jpeg 1620w\" sizes=\"auto, (max-width: 1024px) 100vw, 1024px\" \/><\/figure>\n\n\n\n<figure class=\"wp-block-image size-large\"><img loading=\"lazy\" decoding=\"async\" width=\"1024\" height=\"683\" data-id=\"7948\" src=\"https:\/\/www.straz.pulawy.pl\/wp-content\/uploads\/2026\/03\/WhatsApp-Image-2026-03-11-at-10.40.51-3-1024x683.jpeg\" alt=\"\" class=\"wp-image-7948\" srcset=\"https:\/\/www.straz.pulawy.pl\/wp-content\/uploads\/2026\/03\/WhatsApp-Image-2026-03-11-at-10.40.51-3-1024x683.jpeg 1024w, https:\/\/www.straz.pulawy.pl\/wp-content\/uploads\/2026\/03\/WhatsApp-Image-2026-03-11-at-10.40.51-3-300x200.jpeg 300w, https:\/\/www.straz.pulawy.pl\/wp-content\/uploads\/2026\/03\/WhatsApp-Image-2026-03-11-at-10.40.51-3-768x512.jpeg 768w, https:\/\/www.straz.pulawy.pl\/wp-content\/uploads\/2026\/03\/WhatsApp-Image-2026-03-11-at-10.40.51-3-1536x1024.jpeg 1536w, https:\/\/www.straz.pulawy.pl\/wp-content\/uploads\/2026\/03\/WhatsApp-Image-2026-03-11-at-10.40.51-3-345x230.jpeg 345w, https:\/\/www.straz.pulawy.pl\/wp-content\/uploads\/2026\/03\/WhatsApp-Image-2026-03-11-at-10.40.51-3-770x513.jpeg 770w, https:\/\/www.straz.pulawy.pl\/wp-content\/uploads\/2026\/03\/WhatsApp-Image-2026-03-11-at-10.40.51-3-370x247.jpeg 370w, https:\/\/www.straz.pulawy.pl\/wp-content\/uploads\/2026\/03\/WhatsApp-Image-2026-03-11-at-10.40.51-3-440x294.jpeg 440w, https:\/\/www.straz.pulawy.pl\/wp-content\/uploads\/2026\/03\/WhatsApp-Image-2026-03-11-at-10.40.51-3-570x380.jpeg 570w, https:\/\/www.straz.pulawy.pl\/wp-content\/uploads\/2026\/03\/WhatsApp-Image-2026-03-11-at-10.40.51-3-170x113.jpeg 170w, https:\/\/www.straz.pulawy.pl\/wp-content\/uploads\/2026\/03\/WhatsApp-Image-2026-03-11-at-10.40.51-3.jpeg 1620w\" sizes=\"auto, (max-width: 1024px) 100vw, 1024px\" \/><\/figure>\n\n\n\n<figure class=\"wp-block-image size-large\"><img loading=\"lazy\" decoding=\"async\" width=\"1024\" height=\"683\" data-id=\"7946\" src=\"https:\/\/www.straz.pulawy.pl\/wp-content\/uploads\/2026\/03\/WhatsApp-Image-2026-03-11-at-10.40.50-3-1024x683.jpeg\" alt=\"\" class=\"wp-image-7946\" srcset=\"https:\/\/www.straz.pulawy.pl\/wp-content\/uploads\/2026\/03\/WhatsApp-Image-2026-03-11-at-10.40.50-3-1024x683.jpeg 1024w, https:\/\/www.straz.pulawy.pl\/wp-content\/uploads\/2026\/03\/WhatsApp-Image-2026-03-11-at-10.40.50-3-300x200.jpeg 300w, https:\/\/www.straz.pulawy.pl\/wp-content\/uploads\/2026\/03\/WhatsApp-Image-2026-03-11-at-10.40.50-3-768x512.jpeg 768w, https:\/\/www.straz.pulawy.pl\/wp-content\/uploads\/2026\/03\/WhatsApp-Image-2026-03-11-at-10.40.50-3-1536x1024.jpeg 1536w, https:\/\/www.straz.pulawy.pl\/wp-content\/uploads\/2026\/03\/WhatsApp-Image-2026-03-11-at-10.40.50-3-345x230.jpeg 345w, https:\/\/www.straz.pulawy.pl\/wp-content\/uploads\/2026\/03\/WhatsApp-Image-2026-03-11-at-10.40.50-3-770x513.jpeg 770w, https:\/\/www.straz.pulawy.pl\/wp-content\/uploads\/2026\/03\/WhatsApp-Image-2026-03-11-at-10.40.50-3-370x247.jpeg 370w, https:\/\/www.straz.pulawy.pl\/wp-content\/uploads\/2026\/03\/WhatsApp-Image-2026-03-11-at-10.40.50-3-440x294.jpeg 440w, https:\/\/www.straz.pulawy.pl\/wp-content\/uploads\/2026\/03\/WhatsApp-Image-2026-03-11-at-10.40.50-3-570x380.jpeg 570w, https:\/\/www.straz.pulawy.pl\/wp-content\/uploads\/2026\/03\/WhatsApp-Image-2026-03-11-at-10.40.50-3-170x113.jpeg 170w, https:\/\/www.straz.pulawy.pl\/wp-content\/uploads\/2026\/03\/WhatsApp-Image-2026-03-11-at-10.40.50-3.jpeg 1620w\" sizes=\"auto, (max-width: 1024px) 100vw, 1024px\" \/><\/figure>\n\n\n\n<figure class=\"wp-block-image size-large\"><img loading=\"lazy\" decoding=\"async\" width=\"1024\" height=\"683\" data-id=\"7945\" src=\"https:\/\/www.straz.pulawy.pl\/wp-content\/uploads\/2026\/03\/WhatsApp-Image-2026-03-11-at-10.40.48-2-1024x683.jpeg\" alt=\"\" class=\"wp-image-7945\" srcset=\"https:\/\/www.straz.pulawy.pl\/wp-content\/uploads\/2026\/03\/WhatsApp-Image-2026-03-11-at-10.40.48-2-1024x683.jpeg 1024w, https:\/\/www.straz.pulawy.pl\/wp-content\/uploads\/2026\/03\/WhatsApp-Image-2026-03-11-at-10.40.48-2-300x200.jpeg 300w, https:\/\/www.straz.pulawy.pl\/wp-content\/uploads\/2026\/03\/WhatsApp-Image-2026-03-11-at-10.40.48-2-768x512.jpeg 768w, https:\/\/www.straz.pulawy.pl\/wp-content\/uploads\/2026\/03\/WhatsApp-Image-2026-03-11-at-10.40.48-2-1536x1024.jpeg 1536w, https:\/\/www.straz.pulawy.pl\/wp-content\/uploads\/2026\/03\/WhatsApp-Image-2026-03-11-at-10.40.48-2-345x230.jpeg 345w, https:\/\/www.straz.pulawy.pl\/wp-content\/uploads\/2026\/03\/WhatsApp-Image-2026-03-11-at-10.40.48-2-770x513.jpeg 770w, https:\/\/www.straz.pulawy.pl\/wp-content\/uploads\/2026\/03\/WhatsApp-Image-2026-03-11-at-10.40.48-2-370x247.jpeg 370w, https:\/\/www.straz.pulawy.pl\/wp-content\/uploads\/2026\/03\/WhatsApp-Image-2026-03-11-at-10.40.48-2-440x294.jpeg 440w, https:\/\/www.straz.pulawy.pl\/wp-content\/uploads\/2026\/03\/WhatsApp-Image-2026-03-11-at-10.40.48-2-570x380.jpeg 570w, https:\/\/www.straz.pulawy.pl\/wp-content\/uploads\/2026\/03\/WhatsApp-Image-2026-03-11-at-10.40.48-2-170x113.jpeg 170w, https:\/\/www.straz.pulawy.pl\/wp-content\/uploads\/2026\/03\/WhatsApp-Image-2026-03-11-at-10.40.48-2.jpeg 1620w\" sizes=\"auto, (max-width: 1024px) 100vw, 1024px\" \/><\/figure>\n\n\n\n<figure class=\"wp-block-image size-large\"><img loading=\"lazy\" decoding=\"async\" width=\"1024\" height=\"683\" data-id=\"7944\" src=\"https:\/\/www.straz.pulawy.pl\/wp-content\/uploads\/2026\/03\/WhatsApp-Image-2026-03-11-at-10.40.47-1024x683.jpeg\" alt=\"\" class=\"wp-image-7944\" srcset=\"https:\/\/www.straz.pulawy.pl\/wp-content\/uploads\/2026\/03\/WhatsApp-Image-2026-03-11-at-10.40.47-1024x683.jpeg 1024w, https:\/\/www.straz.pulawy.pl\/wp-content\/uploads\/2026\/03\/WhatsApp-Image-2026-03-11-at-10.40.47-300x200.jpeg 300w, https:\/\/www.straz.pulawy.pl\/wp-content\/uploads\/2026\/03\/WhatsApp-Image-2026-03-11-at-10.40.47-768x512.jpeg 768w, https:\/\/www.straz.pulawy.pl\/wp-content\/uploads\/2026\/03\/WhatsApp-Image-2026-03-11-at-10.40.47-1536x1024.jpeg 1536w, https:\/\/www.straz.pulawy.pl\/wp-content\/uploads\/2026\/03\/WhatsApp-Image-2026-03-11-at-10.40.47-345x230.jpeg 345w, https:\/\/www.straz.pulawy.pl\/wp-content\/uploads\/2026\/03\/WhatsApp-Image-2026-03-11-at-10.40.47-770x513.jpeg 770w, https:\/\/www.straz.pulawy.pl\/wp-content\/uploads\/2026\/03\/WhatsApp-Image-2026-03-11-at-10.40.47-370x247.jpeg 370w, https:\/\/www.straz.pulawy.pl\/wp-content\/uploads\/2026\/03\/WhatsApp-Image-2026-03-11-at-10.40.47-440x294.jpeg 440w, https:\/\/www.straz.pulawy.pl\/wp-content\/uploads\/2026\/03\/WhatsApp-Image-2026-03-11-at-10.40.47-570x380.jpeg 570w, https:\/\/www.straz.pulawy.pl\/wp-content\/uploads\/2026\/03\/WhatsApp-Image-2026-03-11-at-10.40.47-170x113.jpeg 170w, https:\/\/www.straz.pulawy.pl\/wp-content\/uploads\/2026\/03\/WhatsApp-Image-2026-03-11-at-10.40.47.jpeg 1620w\" sizes=\"auto, (max-width: 1024px) 100vw, 1024px\" \/><\/figure>\n\n\n\n<figure class=\"wp-block-image size-large\"><img loading=\"lazy\" decoding=\"async\" width=\"1024\" height=\"683\" data-id=\"7943\" src=\"https:\/\/www.straz.pulawy.pl\/wp-content\/uploads\/2026\/03\/WhatsApp-Image-2026-03-11-at-10.40.46-1024x683.jpeg\" alt=\"\" class=\"wp-image-7943\" srcset=\"https:\/\/www.straz.pulawy.pl\/wp-content\/uploads\/2026\/03\/WhatsApp-Image-2026-03-11-at-10.40.46-1024x683.jpeg 1024w, https:\/\/www.straz.pulawy.pl\/wp-content\/uploads\/2026\/03\/WhatsApp-Image-2026-03-11-at-10.40.46-300x200.jpeg 300w, https:\/\/www.straz.pulawy.pl\/wp-content\/uploads\/2026\/03\/WhatsApp-Image-2026-03-11-at-10.40.46-768x512.jpeg 768w, https:\/\/www.straz.pulawy.pl\/wp-content\/uploads\/2026\/03\/WhatsApp-Image-2026-03-11-at-10.40.46-1536x1024.jpeg 1536w, https:\/\/www.straz.pulawy.pl\/wp-content\/uploads\/2026\/03\/WhatsApp-Image-2026-03-11-at-10.40.46-345x230.jpeg 345w, https:\/\/www.straz.pulawy.pl\/wp-content\/uploads\/2026\/03\/WhatsApp-Image-2026-03-11-at-10.40.46-770x513.jpeg 770w, https:\/\/www.straz.pulawy.pl\/wp-content\/uploads\/2026\/03\/WhatsApp-Image-2026-03-11-at-10.40.46-370x247.jpeg 370w, https:\/\/www.straz.pulawy.pl\/wp-content\/uploads\/2026\/03\/WhatsApp-Image-2026-03-11-at-10.40.46-440x294.jpeg 440w, https:\/\/www.straz.pulawy.pl\/wp-content\/uploads\/2026\/03\/WhatsApp-Image-2026-03-11-at-10.40.46-570x380.jpeg 570w, https:\/\/www.straz.pulawy.pl\/wp-content\/uploads\/2026\/03\/WhatsApp-Image-2026-03-11-at-10.40.46-170x113.jpeg 170w, https:\/\/www.straz.pulawy.pl\/wp-content\/uploads\/2026\/03\/WhatsApp-Image-2026-03-11-at-10.40.46.jpeg 1620w\" sizes=\"auto, (max-width: 1024px) 100vw, 1024px\" \/><\/figure>\n\n\n\n<figure class=\"wp-block-image size-large\"><img loading=\"lazy\" decoding=\"async\" width=\"1024\" height=\"683\" data-id=\"7942\" src=\"https:\/\/www.straz.pulawy.pl\/wp-content\/uploads\/2026\/03\/WhatsApp-Image-2026-03-11-at-10.40.44-1-1024x683.jpeg\" alt=\"\" class=\"wp-image-7942\" srcset=\"https:\/\/www.straz.pulawy.pl\/wp-content\/uploads\/2026\/03\/WhatsApp-Image-2026-03-11-at-10.40.44-1-1024x683.jpeg 1024w, https:\/\/www.straz.pulawy.pl\/wp-content\/uploads\/2026\/03\/WhatsApp-Image-2026-03-11-at-10.40.44-1-300x200.jpeg 300w, https:\/\/www.straz.pulawy.pl\/wp-content\/uploads\/2026\/03\/WhatsApp-Image-2026-03-11-at-10.40.44-1-768x512.jpeg 768w, https:\/\/www.straz.pulawy.pl\/wp-content\/uploads\/2026\/03\/WhatsApp-Image-2026-03-11-at-10.40.44-1-1536x1024.jpeg 1536w, https:\/\/www.straz.pulawy.pl\/wp-content\/uploads\/2026\/03\/WhatsApp-Image-2026-03-11-at-10.40.44-1-345x230.jpeg 345w, https:\/\/www.straz.pulawy.pl\/wp-content\/uploads\/2026\/03\/WhatsApp-Image-2026-03-11-at-10.40.44-1-770x513.jpeg 770w, https:\/\/www.straz.pulawy.pl\/wp-content\/uploads\/2026\/03\/WhatsApp-Image-2026-03-11-at-10.40.44-1-370x247.jpeg 370w, https:\/\/www.straz.pulawy.pl\/wp-content\/uploads\/2026\/03\/WhatsApp-Image-2026-03-11-at-10.40.44-1-440x294.jpeg 440w, https:\/\/www.straz.pulawy.pl\/wp-content\/uploads\/2026\/03\/WhatsApp-Image-2026-03-11-at-10.40.44-1-570x380.jpeg 570w, https:\/\/www.straz.pulawy.pl\/wp-content\/uploads\/2026\/03\/WhatsApp-Image-2026-03-11-at-10.40.44-1-170x113.jpeg 170w, https:\/\/www.straz.pulawy.pl\/wp-content\/uploads\/2026\/03\/WhatsApp-Image-2026-03-11-at-10.40.44-1.jpeg 1620w\" sizes=\"auto, (max-width: 1024px) 100vw, 1024px\" \/><\/figure>\n\n\n\n<figure class=\"wp-block-image size-large\"><img loading=\"lazy\" decoding=\"async\" width=\"1024\" height=\"683\" data-id=\"7955\" src=\"https:\/\/www.straz.pulawy.pl\/wp-content\/uploads\/2026\/03\/WhatsApp-Image-2026-03-11-at-10.43.20-1024x683.jpeg\" alt=\"\" class=\"wp-image-7955\" srcset=\"https:\/\/www.straz.pulawy.pl\/wp-content\/uploads\/2026\/03\/WhatsApp-Image-2026-03-11-at-10.43.20-1024x683.jpeg 1024w, https:\/\/www.straz.pulawy.pl\/wp-content\/uploads\/2026\/03\/WhatsApp-Image-2026-03-11-at-10.43.20-300x200.jpeg 300w, https:\/\/www.straz.pulawy.pl\/wp-content\/uploads\/2026\/03\/WhatsApp-Image-2026-03-11-at-10.43.20-768x512.jpeg 768w, https:\/\/www.straz.pulawy.pl\/wp-content\/uploads\/2026\/03\/WhatsApp-Image-2026-03-11-at-10.43.20-1536x1024.jpeg 1536w, https:\/\/www.straz.pulawy.pl\/wp-content\/uploads\/2026\/03\/WhatsApp-Image-2026-03-11-at-10.43.20-345x230.jpeg 345w, https:\/\/www.straz.pulawy.pl\/wp-content\/uploads\/2026\/03\/WhatsApp-Image-2026-03-11-at-10.43.20-770x513.jpeg 770w, https:\/\/www.straz.pulawy.pl\/wp-content\/uploads\/2026\/03\/WhatsApp-Image-2026-03-11-at-10.43.20-370x247.jpeg 370w, https:\/\/www.straz.pulawy.pl\/wp-content\/uploads\/2026\/03\/WhatsApp-Image-2026-03-11-at-10.43.20-440x294.jpeg 440w, https:\/\/www.straz.pulawy.pl\/wp-content\/uploads\/2026\/03\/WhatsApp-Image-2026-03-11-at-10.43.20-570x380.jpeg 570w, https:\/\/www.straz.pulawy.pl\/wp-content\/uploads\/2026\/03\/WhatsApp-Image-2026-03-11-at-10.43.20-170x113.jpeg 170w, https:\/\/www.straz.pulawy.pl\/wp-content\/uploads\/2026\/03\/WhatsApp-Image-2026-03-11-at-10.43.20.jpeg 1620w\" sizes=\"auto, (max-width: 1024px) 100vw, 1024px\" \/><\/figure>\n\n\n\n<figure class=\"wp-block-image size-large\"><img loading=\"lazy\" decoding=\"async\" width=\"1024\" height=\"683\" data-id=\"7953\" src=\"https:\/\/www.straz.pulawy.pl\/wp-content\/uploads\/2026\/03\/WhatsApp-Image-2026-03-11-at-10.50.38-5-1024x683.jpeg\" alt=\"\" class=\"wp-image-7953\" srcset=\"https:\/\/www.straz.pulawy.pl\/wp-content\/uploads\/2026\/03\/WhatsApp-Image-2026-03-11-at-10.50.38-5-1024x683.jpeg 1024w, https:\/\/www.straz.pulawy.pl\/wp-content\/uploads\/2026\/03\/WhatsApp-Image-2026-03-11-at-10.50.38-5-300x200.jpeg 300w, https:\/\/www.straz.pulawy.pl\/wp-content\/uploads\/2026\/03\/WhatsApp-Image-2026-03-11-at-10.50.38-5-768x512.jpeg 768w, https:\/\/www.straz.pulawy.pl\/wp-content\/uploads\/2026\/03\/WhatsApp-Image-2026-03-11-at-10.50.38-5-1536x1024.jpeg 1536w, https:\/\/www.straz.pulawy.pl\/wp-content\/uploads\/2026\/03\/WhatsApp-Image-2026-03-11-at-10.50.38-5-345x230.jpeg 345w, https:\/\/www.straz.pulawy.pl\/wp-content\/uploads\/2026\/03\/WhatsApp-Image-2026-03-11-at-10.50.38-5-770x513.jpeg 770w, https:\/\/www.straz.pulawy.pl\/wp-content\/uploads\/2026\/03\/WhatsApp-Image-2026-03-11-at-10.50.38-5-370x247.jpeg 370w, https:\/\/www.straz.pulawy.pl\/wp-content\/uploads\/2026\/03\/WhatsApp-Image-2026-03-11-at-10.50.38-5-440x294.jpeg 440w, https:\/\/www.straz.pulawy.pl\/wp-content\/uploads\/2026\/03\/WhatsApp-Image-2026-03-11-at-10.50.38-5-570x380.jpeg 570w, https:\/\/www.straz.pulawy.pl\/wp-content\/uploads\/2026\/03\/WhatsApp-Image-2026-03-11-at-10.50.38-5-170x113.jpeg 170w, https:\/\/www.straz.pulawy.pl\/wp-content\/uploads\/2026\/03\/WhatsApp-Image-2026-03-11-at-10.50.38-5.jpeg 1620w\" sizes=\"auto, (max-width: 1024px) 100vw, 1024px\" \/><\/figure>\n\n\n\n<figure class=\"wp-block-image size-large\"><img loading=\"lazy\" decoding=\"async\" width=\"1024\" height=\"683\" data-id=\"7959\" src=\"https:\/\/www.straz.pulawy.pl\/wp-content\/uploads\/2026\/03\/WhatsApp-Image-2026-03-11-at-10.50.40-2-1024x683.jpeg\" alt=\"\" class=\"wp-image-7959\" srcset=\"https:\/\/www.straz.pulawy.pl\/wp-content\/uploads\/2026\/03\/WhatsApp-Image-2026-03-11-at-10.50.40-2-1024x683.jpeg 1024w, https:\/\/www.straz.pulawy.pl\/wp-content\/uploads\/2026\/03\/WhatsApp-Image-2026-03-11-at-10.50.40-2-300x200.jpeg 300w, https:\/\/www.straz.pulawy.pl\/wp-content\/uploads\/2026\/03\/WhatsApp-Image-2026-03-11-at-10.50.40-2-768x512.jpeg 768w, https:\/\/www.straz.pulawy.pl\/wp-content\/uploads\/2026\/03\/WhatsApp-Image-2026-03-11-at-10.50.40-2-1536x1024.jpeg 1536w, https:\/\/www.straz.pulawy.pl\/wp-content\/uploads\/2026\/03\/WhatsApp-Image-2026-03-11-at-10.50.40-2-345x230.jpeg 345w, https:\/\/www.straz.pulawy.pl\/wp-content\/uploads\/2026\/03\/WhatsApp-Image-2026-03-11-at-10.50.40-2-770x513.jpeg 770w, https:\/\/www.straz.pulawy.pl\/wp-content\/uploads\/2026\/03\/WhatsApp-Image-2026-03-11-at-10.50.40-2-370x247.jpeg 370w, https:\/\/www.straz.pulawy.pl\/wp-content\/uploads\/2026\/03\/WhatsApp-Image-2026-03-11-at-10.50.40-2-440x294.jpeg 440w, https:\/\/www.straz.pulawy.pl\/wp-content\/uploads\/2026\/03\/WhatsApp-Image-2026-03-11-at-10.50.40-2-570x380.jpeg 570w, https:\/\/www.straz.pulawy.pl\/wp-content\/uploads\/2026\/03\/WhatsApp-Image-2026-03-11-at-10.50.40-2-170x113.jpeg 170w, https:\/\/www.straz.pulawy.pl\/wp-content\/uploads\/2026\/03\/WhatsApp-Image-2026-03-11-at-10.50.40-2.jpeg 1620w\" sizes=\"auto, (max-width: 1024px) 100vw, 1024px\" \/><\/figure>\n\n\n\n<figure class=\"wp-block-image size-large\"><img loading=\"lazy\" decoding=\"async\" width=\"1024\" height=\"683\" data-id=\"7960\" src=\"https:\/\/www.straz.pulawy.pl\/wp-content\/uploads\/2026\/03\/WhatsApp-Image-2026-03-11-at-10.50.39-5-1024x683.jpeg\" alt=\"\" class=\"wp-image-7960\" srcset=\"https:\/\/www.straz.pulawy.pl\/wp-content\/uploads\/2026\/03\/WhatsApp-Image-2026-03-11-at-10.50.39-5-1024x683.jpeg 1024w, https:\/\/www.straz.pulawy.pl\/wp-content\/uploads\/2026\/03\/WhatsApp-Image-2026-03-11-at-10.50.39-5-300x200.jpeg 300w, https:\/\/www.straz.pulawy.pl\/wp-content\/uploads\/2026\/03\/WhatsApp-Image-2026-03-11-at-10.50.39-5-768x512.jpeg 768w, https:\/\/www.straz.pulawy.pl\/wp-content\/uploads\/2026\/03\/WhatsApp-Image-2026-03-11-at-10.50.39-5-1536x1024.jpeg 1536w, https:\/\/www.straz.pulawy.pl\/wp-content\/uploads\/2026\/03\/WhatsApp-Image-2026-03-11-at-10.50.39-5-345x230.jpeg 345w, https:\/\/www.straz.pulawy.pl\/wp-content\/uploads\/2026\/03\/WhatsApp-Image-2026-03-11-at-10.50.39-5-770x513.jpeg 770w, https:\/\/www.straz.pulawy.pl\/wp-content\/uploads\/2026\/03\/WhatsApp-Image-2026-03-11-at-10.50.39-5-370x247.jpeg 370w, https:\/\/www.straz.pulawy.pl\/wp-content\/uploads\/2026\/03\/WhatsApp-Image-2026-03-11-at-10.50.39-5-440x294.jpeg 440w, https:\/\/www.straz.pulawy.pl\/wp-content\/uploads\/2026\/03\/WhatsApp-Image-2026-03-11-at-10.50.39-5-570x380.jpeg 570w, https:\/\/www.straz.pulawy.pl\/wp-content\/uploads\/2026\/03\/WhatsApp-Image-2026-03-11-at-10.50.39-5-170x113.jpeg 170w, https:\/\/www.straz.pulawy.pl\/wp-content\/uploads\/2026\/03\/WhatsApp-Image-2026-03-11-at-10.50.39-5.jpeg 1620w\" sizes=\"auto, (max-width: 1024px) 100vw, 1024px\" \/><\/figure>\n<\/figure>\n\n\n\n<p>Opracowanie: m\u0142. kpt. Marzena Szwargoli\u0144ska<\/p>\n\n\n\n<p>Zdj\u0119cia: kpt. Tomasz Stachyra KW PSP w Lublinie<\/p>\n","protected":false},"excerpt":{"rendered":"<p>11 marca 2026 roku w Komendzie Powiatowej PSP w Pu\u0142awach mia\u0142 miejsce uroczysty apel z okazji powo\u0142ania na stanowisko Komendanta Powiatowego Pa\u0144stwowej Stra\u017cy Po\u017carnej w Pu\u0142awach. Uroczysto\u015b\u0107 rozpocz\u0119\u0142a si\u0119 z\u0142o\u017ceniem meldunku przez dow\u00f3dc\u0119 uroczysto\u015bci, kt\u00f3ry przyj\u0105\u0142 Lubelski Komendant Wojew\u00f3dzki PSP w Lublinie st. bryg. Zenon Pisiewicz. Nast\u0119pnie na uroczysto\u015b\u0107 wprowadzony zosta\u0142 sztandar Komendy Powiatowej PSP [&hellip;]<\/p>\n","protected":false},"author":3,"featured_media":7956,"comment_status":"closed","ping_status":"open","sticky":false,"template":"","format":"standard","meta":{"footnotes":"","_links_to":"","_links_to_target":""},"categories":[1],"tags":[],"class_list":["post-7947","post","type-post","status-publish","format-standard","has-post-thumbnail","hentry","category-aktualnosci"],"_links":{"self":[{"href":"https:\/\/www.straz.pulawy.pl\/index.php?rest_route=\/wp\/v2\/posts\/7947","targetHints":{"allow":["GET"]}}],"collection":[{"href":"https:\/\/www.straz.pulawy.pl\/index.php?rest_route=\/wp\/v2\/posts"}],"about":[{"href":"https:\/\/www.straz.pulawy.pl\/index.php?rest_route=\/wp\/v2\/types\/post"}],"author":[{"embeddable":true,"href":"https:\/\/www.straz.pulawy.pl\/index.php?rest_route=\/wp\/v2\/users\/3"}],"replies":[{"embeddable":true,"href":"https:\/\/www.straz.pulawy.pl\/index.php?rest_route=%2Fwp%2Fv2%2Fcomments&post=7947"}],"version-history":[{"count":4,"href":"https:\/\/www.straz.pulawy.pl\/index.php?rest_route=\/wp\/v2\/posts\/7947\/revisions"}],"predecessor-version":[{"id":7961,"href":"https:\/\/www.straz.pulawy.pl\/index.php?rest_route=\/wp\/v2\/posts\/7947\/revisions\/7961"}],"wp:featuredmedia":[{"embeddable":true,"href":"https:\/\/www.straz.pulawy.pl\/index.php?rest_route=\/wp\/v2\/media\/7956"}],"wp:attachment":[{"href":"https:\/\/www.straz.pulawy.pl\/index.php?rest_route=%2Fwp%2Fv2%2Fmedia&parent=7947"}],"wp:term":[{"taxonomy":"category","embeddable":true,"href":"https:\/\/www.straz.pulawy.pl\/index.php?rest_route=%2Fwp%2Fv2%2Fcategories&post=7947"},{"taxonomy":"post_tag","embeddable":true,"href":"https:\/\/www.straz.pulawy.pl\/index.php?rest_route=%2Fwp%2Fv2%2Ftags&post=7947"}],"curies":[{"name":"wp","href":"https:\/\/api.w.org\/{rel}","templated":true}]}}