{"id":7936,"date":"2026-03-09T12:17:28","date_gmt":"2026-03-09T11:17:28","guid":{"rendered":"https:\/\/www.straz.pulawy.pl\/?p=7936"},"modified":"2026-03-13T09:28:50","modified_gmt":"2026-03-13T08:28:50","slug":"dzien-kobiet-w-kp-psp-pulawy","status":"publish","type":"post","link":"https:\/\/www.straz.pulawy.pl\/?p=7936","title":{"rendered":"Dzie\u0144 kobiet w KP PSP Pu\u0142awy"},"content":{"rendered":"\n<p>6 marca br. mia\u0142o miejsce spotkanie podczas kt\u00f3rego Komendant Powiatowy PSP w Pu\u0142awach st. bryg. Krzysztof Morawski z\u0142o\u017cy\u0142 najserdeczniejsze \u017cyczenia wszystkim Paniom, kt\u00f3re pe\u0142ni\u0105 s\u0142u\u017cb\u0119 i pracuj\u0105 w Komendzie Powiatowej Pa\u0144stwowej Stra\u017cy Po\u017carnej w Pu\u0142awach!<\/p>\n","protected":false},"excerpt":{"rendered":"<p>6 marca br. mia\u0142o miejsce spotkanie podczas kt\u00f3rego Komendant Powiatowy PSP w Pu\u0142awach st. bryg. Krzysztof Morawski z\u0142o\u017cy\u0142 najserdeczniejsze \u017cyczenia wszystkim Paniom, kt\u00f3re pe\u0142ni\u0105 s\u0142u\u017cb\u0119 i pracuj\u0105 w Komendzie Powiatowej Pa\u0144stwowej Stra\u017cy Po\u017carnej w Pu\u0142awach!<\/p>\n","protected":false},"author":2,"featured_media":7937,"comment_status":"closed","ping_status":"open","sticky":false,"template":"","format":"standard","meta":{"footnotes":"","_links_to":"","_links_to_target":""},"categories":[1],"tags":[],"class_list":["post-7936","post","type-post","status-publish","format-standard","has-post-thumbnail","hentry","category-aktualnosci"],"_links":{"self":[{"href":"https:\/\/www.straz.pulawy.pl\/index.php?rest_route=\/wp\/v2\/posts\/7936","targetHints":{"allow":["GET"]}}],"collection":[{"href":"https:\/\/www.straz.pulawy.pl\/index.php?rest_route=\/wp\/v2\/posts"}],"about":[{"href":"https:\/\/www.straz.pulawy.pl\/index.php?rest_route=\/wp\/v2\/types\/post"}],"author":[{"embeddable":true,"href":"https:\/\/www.straz.pulawy.pl\/index.php?rest_route=\/wp\/v2\/users\/2"}],"replies":[{"embeddable":true,"href":"https:\/\/www.straz.pulawy.pl\/index.php?rest_route=%2Fwp%2Fv2%2Fcomments&post=7936"}],"version-history":[{"count":1,"href":"https:\/\/www.straz.pulawy.pl\/index.php?rest_route=\/wp\/v2\/posts\/7936\/revisions"}],"predecessor-version":[{"id":7938,"href":"https:\/\/www.straz.pulawy.pl\/index.php?rest_route=\/wp\/v2\/posts\/7936\/revisions\/7938"}],"wp:featuredmedia":[{"embeddable":true,"href":"https:\/\/www.straz.pulawy.pl\/index.php?rest_route=\/wp\/v2\/media\/7937"}],"wp:attachment":[{"href":"https:\/\/www.straz.pulawy.pl\/index.php?rest_route=%2Fwp%2Fv2%2Fmedia&parent=7936"}],"wp:term":[{"taxonomy":"category","embeddable":true,"href":"https:\/\/www.straz.pulawy.pl\/index.php?rest_route=%2Fwp%2Fv2%2Fcategories&post=7936"},{"taxonomy":"post_tag","embeddable":true,"href":"https:\/\/www.straz.pulawy.pl\/index.php?rest_route=%2Fwp%2Fv2%2Ftags&post=7936"}],"curies":[{"name":"wp","href":"https:\/\/api.w.org\/{rel}","templated":true}]}}