{"id":3177,"date":"2019-09-26T13:02:49","date_gmt":"2019-09-26T11:02:49","guid":{"rendered":"http:\/\/www.straz.pulawy.pl\/?p=3177"},"modified":"2019-09-26T13:51:36","modified_gmt":"2019-09-26T11:51:36","slug":"jubileusz-120-lecia-osp-w-naleczowie-i-przekazanie-samochodu","status":"publish","type":"post","link":"https:\/\/www.straz.pulawy.pl\/?p=3177","title":{"rendered":"JUBILEUSZ 120-LECIA OSP W NA\u0141\u0118CZOWIE I PRZEKAZANIE SAMOCHODU"},"content":{"rendered":"<p>21 wrze\u015bnie 2019 r. Ochotnicza Stra\u017c Po\u017carna w Na\u0142\u0119czowie \u015bwi\u0119towa\u0142a jubileusz 120-lecia swojego istnienia.<\/p>\n<p>Uroczysto\u015b\u0107 rozpocz\u0119\u0142a si\u0119 Msz\u0105 \u015awi\u0119t\u0105 w Ko\u015bciele parafialnym \u015bw. Jana Chrzciciela w Na\u0142\u0119czowie w intencji wszystkich stra\u017cak\u00f3w za ich rodziny i zmar\u0142ych stra\u017cak\u00f3w. Po Mszy \u015aw. stra\u017cacy wraz z zaproszonymi go\u015b\u0107mi i uczestnikami obchod\u00f3w przemaszerowali w\u00a0asy\u015bcie orkiestry d\u0119tej OSP z Tomaszowa Lubelskiego na plac przed Urz\u0119dem Miejskim, gdzie mia\u0142a miejsce dalsza cz\u0119\u015b\u0107 obchod\u00f3w jubileuszu.<\/p>\n<p>Jednostka OSP Na\u0142\u0119cz\u00f3w powsta\u0142a w 1899 roku i zrzesza 68 cz\u0142onk\u00f3w, w tym 44 czynnych, bior\u0105cych udzia\u0142 w akcjach ratowniczo-ga\u015bniczych na terenie gminy, powiatu i wojew\u00f3dztwa.<\/p>\n<p>W\u00a0obecno\u015bci go\u015bci, w tym w\u0142adz parlamentarnych, wojew\u00f3dzkich, samorz\u0105dowych, przedstawicieli instytucji oraz lokalnej spo\u0142eczno\u015bci dokonano r\u00f3wnie\u017c uroczystego przekazania nowego samochodu ratowniczo-ga\u015bniczego GBA-Scania o warto\u015bci 919\u00a0917,00 z\u0142. Zakup by\u0142 mo\u017cliwy dzi\u0119ki wsparciu rz\u0105dowemu. Na monta\u017c finansowy z\u0142o\u017cy\u0142y si\u0119 bowiem \u015brodki: dotacja KSRG 130\u00a0000 z\u0142., NFO\u015aiGW 352\u00a0500,00 z\u0142., WFO\u015aiGW 107\u00a0459,00 z\u0142., gminy Na\u0142\u0119cz\u00f3w 300\u00a0000,00 z\u0142., a tak\u017ce \u015brodki w\u0142asne 29\u00a0958,00 z\u0142.<\/p>\n<p>Podczas uroczysto\u015bci pad\u0142o wiele s\u0142\u00f3w podzi\u0119kowa\u0144 oraz \u017cycze\u0144 kierowanych do stra\u017cak\u00f3w. Podkre\u015blono ich zaanga\u017cowanie i po\u015bwi\u0119cenie dla s\u0142u\u017cby, kt\u00f3r\u0105 pe\u0142ni\u0105 bezinteresownie ka\u017cdego dnia.<\/p>\n<p>W uroczysto\u015bci uczestniczyli mi\u0119dzy innymi:<\/p>\n<ul>\n<li>Wiceminister Spraw Wewn\u0119trznych i Administracji Sylwester Tu\u0142ajew,<\/li>\n<li>Wiceprezes Zarz\u0105du G\u0142\u00f3wnego ZOSP RP, Pose\u0142 na Sejm RP Jan \u0141opata<\/li>\n<li>Pose\u0142 na Sejm RP Krzysztof Szulowski,<\/li>\n<li>Wojewoda Lubelski Przemys\u0142aw Czarnek<\/li>\n<li>Lubelski Komendant Wojew\u00f3dzki PSP st. bryg. Grzegorz Alinowski,<\/li>\n<\/ul>\n<p>oraz przedstawiciele w\u0142adz wojew\u00f3dzkich, samorz\u0105dowych, instytucji oraz lokalnej spo\u0142eczno\u015bci.<\/p>\n<div id='gallery-1' class='gallery galleryid-3177 gallery-columns-4 gallery-size-thumbnail'><figure class='gallery-item'>\n\t\t\t<div class='gallery-icon landscape'>\n\t\t\t\t<a href='https:\/\/www.straz.pulawy.pl\/wp-content\/uploads\/2019\/09\/DSC_0022.jpg'><img loading=\"lazy\" decoding=\"async\" width=\"150\" height=\"150\" src=\"https:\/\/www.straz.pulawy.pl\/wp-content\/uploads\/2019\/09\/DSC_0022-150x150.jpg\" class=\"attachment-thumbnail size-thumbnail\" alt=\"\" srcset=\"https:\/\/www.straz.pulawy.pl\/wp-content\/uploads\/2019\/09\/DSC_0022-150x150.jpg 150w, https:\/\/www.straz.pulawy.pl\/wp-content\/uploads\/2019\/09\/DSC_0022-170x170.jpg 170w, https:\/\/www.straz.pulawy.pl\/wp-content\/uploads\/2019\/09\/DSC_0022-370x370.jpg 370w, https:\/\/www.straz.pulawy.pl\/wp-content\/uploads\/2019\/09\/DSC_0022-440x440.jpg 440w\" sizes=\"auto, (max-width: 150px) 100vw, 150px\" \/><\/a>\n\t\t\t<\/div><\/figure><figure class='gallery-item'>\n\t\t\t<div class='gallery-icon landscape'>\n\t\t\t\t<a href='https:\/\/www.straz.pulawy.pl\/wp-content\/uploads\/2019\/09\/DSC_0042.jpg'><img loading=\"lazy\" decoding=\"async\" width=\"150\" height=\"150\" src=\"https:\/\/www.straz.pulawy.pl\/wp-content\/uploads\/2019\/09\/DSC_0042-150x150.jpg\" class=\"attachment-thumbnail size-thumbnail\" alt=\"\" srcset=\"https:\/\/www.straz.pulawy.pl\/wp-content\/uploads\/2019\/09\/DSC_0042-150x150.jpg 150w, https:\/\/www.straz.pulawy.pl\/wp-content\/uploads\/2019\/09\/DSC_0042-170x170.jpg 170w, https:\/\/www.straz.pulawy.pl\/wp-content\/uploads\/2019\/09\/DSC_0042-370x370.jpg 370w, https:\/\/www.straz.pulawy.pl\/wp-content\/uploads\/2019\/09\/DSC_0042-440x440.jpg 440w\" sizes=\"auto, (max-width: 150px) 100vw, 150px\" \/><\/a>\n\t\t\t<\/div><\/figure><figure class='gallery-item'>\n\t\t\t<div class='gallery-icon landscape'>\n\t\t\t\t<a href='https:\/\/www.straz.pulawy.pl\/wp-content\/uploads\/2019\/09\/DSC_0043.jpg'><img loading=\"lazy\" decoding=\"async\" width=\"150\" height=\"150\" src=\"https:\/\/www.straz.pulawy.pl\/wp-content\/uploads\/2019\/09\/DSC_0043-150x150.jpg\" class=\"attachment-thumbnail size-thumbnail\" alt=\"\" srcset=\"https:\/\/www.straz.pulawy.pl\/wp-content\/uploads\/2019\/09\/DSC_0043-150x150.jpg 150w, https:\/\/www.straz.pulawy.pl\/wp-content\/uploads\/2019\/09\/DSC_0043-170x170.jpg 170w, https:\/\/www.straz.pulawy.pl\/wp-content\/uploads\/2019\/09\/DSC_0043-370x370.jpg 370w, https:\/\/www.straz.pulawy.pl\/wp-content\/uploads\/2019\/09\/DSC_0043-440x440.jpg 440w\" sizes=\"auto, (max-width: 150px) 100vw, 150px\" \/><\/a>\n\t\t\t<\/div><\/figure><figure class='gallery-item'>\n\t\t\t<div class='gallery-icon landscape'>\n\t\t\t\t<a href='https:\/\/www.straz.pulawy.pl\/wp-content\/uploads\/2019\/09\/DSC_0055.jpg'><img loading=\"lazy\" decoding=\"async\" width=\"150\" height=\"150\" src=\"https:\/\/www.straz.pulawy.pl\/wp-content\/uploads\/2019\/09\/DSC_0055-150x150.jpg\" class=\"attachment-thumbnail size-thumbnail\" alt=\"\" srcset=\"https:\/\/www.straz.pulawy.pl\/wp-content\/uploads\/2019\/09\/DSC_0055-150x150.jpg 150w, https:\/\/www.straz.pulawy.pl\/wp-content\/uploads\/2019\/09\/DSC_0055-170x170.jpg 170w, https:\/\/www.straz.pulawy.pl\/wp-content\/uploads\/2019\/09\/DSC_0055-370x370.jpg 370w, https:\/\/www.straz.pulawy.pl\/wp-content\/uploads\/2019\/09\/DSC_0055-440x440.jpg 440w\" sizes=\"auto, (max-width: 150px) 100vw, 150px\" \/><\/a>\n\t\t\t<\/div><\/figure><figure class='gallery-item'>\n\t\t\t<div class='gallery-icon landscape'>\n\t\t\t\t<a href='https:\/\/www.straz.pulawy.pl\/wp-content\/uploads\/2019\/09\/DSC_0117.jpg'><img loading=\"lazy\" decoding=\"async\" width=\"150\" height=\"150\" src=\"https:\/\/www.straz.pulawy.pl\/wp-content\/uploads\/2019\/09\/DSC_0117-150x150.jpg\" class=\"attachment-thumbnail size-thumbnail\" alt=\"\" srcset=\"https:\/\/www.straz.pulawy.pl\/wp-content\/uploads\/2019\/09\/DSC_0117-150x150.jpg 150w, https:\/\/www.straz.pulawy.pl\/wp-content\/uploads\/2019\/09\/DSC_0117-170x170.jpg 170w, https:\/\/www.straz.pulawy.pl\/wp-content\/uploads\/2019\/09\/DSC_0117-370x370.jpg 370w, https:\/\/www.straz.pulawy.pl\/wp-content\/uploads\/2019\/09\/DSC_0117-440x440.jpg 440w\" sizes=\"auto, (max-width: 150px) 100vw, 150px\" \/><\/a>\n\t\t\t<\/div><\/figure><figure class='gallery-item'>\n\t\t\t<div class='gallery-icon landscape'>\n\t\t\t\t<a href='https:\/\/www.straz.pulawy.pl\/wp-content\/uploads\/2019\/09\/DSC_0061.jpg'><img loading=\"lazy\" decoding=\"async\" width=\"150\" height=\"150\" src=\"https:\/\/www.straz.pulawy.pl\/wp-content\/uploads\/2019\/09\/DSC_0061-150x150.jpg\" class=\"attachment-thumbnail size-thumbnail\" alt=\"\" srcset=\"https:\/\/www.straz.pulawy.pl\/wp-content\/uploads\/2019\/09\/DSC_0061-150x150.jpg 150w, https:\/\/www.straz.pulawy.pl\/wp-content\/uploads\/2019\/09\/DSC_0061-170x170.jpg 170w, https:\/\/www.straz.pulawy.pl\/wp-content\/uploads\/2019\/09\/DSC_0061-370x370.jpg 370w, https:\/\/www.straz.pulawy.pl\/wp-content\/uploads\/2019\/09\/DSC_0061-440x440.jpg 440w\" sizes=\"auto, (max-width: 150px) 100vw, 150px\" \/><\/a>\n\t\t\t<\/div><\/figure><figure class='gallery-item'>\n\t\t\t<div class='gallery-icon portrait'>\n\t\t\t\t<a href='https:\/\/www.straz.pulawy.pl\/wp-content\/uploads\/2019\/09\/DSC_0067.jpg'><img loading=\"lazy\" decoding=\"async\" width=\"150\" height=\"150\" src=\"https:\/\/www.straz.pulawy.pl\/wp-content\/uploads\/2019\/09\/DSC_0067-150x150.jpg\" class=\"attachment-thumbnail size-thumbnail\" alt=\"\" srcset=\"https:\/\/www.straz.pulawy.pl\/wp-content\/uploads\/2019\/09\/DSC_0067-150x150.jpg 150w, https:\/\/www.straz.pulawy.pl\/wp-content\/uploads\/2019\/09\/DSC_0067-170x170.jpg 170w, https:\/\/www.straz.pulawy.pl\/wp-content\/uploads\/2019\/09\/DSC_0067-370x370.jpg 370w, https:\/\/www.straz.pulawy.pl\/wp-content\/uploads\/2019\/09\/DSC_0067-440x440.jpg 440w\" sizes=\"auto, (max-width: 150px) 100vw, 150px\" \/><\/a>\n\t\t\t<\/div><\/figure><figure class='gallery-item'>\n\t\t\t<div class='gallery-icon portrait'>\n\t\t\t\t<a href='https:\/\/www.straz.pulawy.pl\/wp-content\/uploads\/2019\/09\/DSC_0070.jpg'><img loading=\"lazy\" decoding=\"async\" width=\"150\" height=\"150\" src=\"https:\/\/www.straz.pulawy.pl\/wp-content\/uploads\/2019\/09\/DSC_0070-150x150.jpg\" class=\"attachment-thumbnail size-thumbnail\" alt=\"\" srcset=\"https:\/\/www.straz.pulawy.pl\/wp-content\/uploads\/2019\/09\/DSC_0070-150x150.jpg 150w, https:\/\/www.straz.pulawy.pl\/wp-content\/uploads\/2019\/09\/DSC_0070-170x170.jpg 170w, https:\/\/www.straz.pulawy.pl\/wp-content\/uploads\/2019\/09\/DSC_0070-370x370.jpg 370w, https:\/\/www.straz.pulawy.pl\/wp-content\/uploads\/2019\/09\/DSC_0070-440x440.jpg 440w\" sizes=\"auto, (max-width: 150px) 100vw, 150px\" \/><\/a>\n\t\t\t<\/div><\/figure><figure class='gallery-item'>\n\t\t\t<div class='gallery-icon portrait'>\n\t\t\t\t<a href='https:\/\/www.straz.pulawy.pl\/wp-content\/uploads\/2019\/09\/DSC_0097.jpg'><img loading=\"lazy\" decoding=\"async\" width=\"150\" height=\"150\" src=\"https:\/\/www.straz.pulawy.pl\/wp-content\/uploads\/2019\/09\/DSC_0097-150x150.jpg\" class=\"attachment-thumbnail size-thumbnail\" alt=\"\" srcset=\"https:\/\/www.straz.pulawy.pl\/wp-content\/uploads\/2019\/09\/DSC_0097-150x150.jpg 150w, https:\/\/www.straz.pulawy.pl\/wp-content\/uploads\/2019\/09\/DSC_0097-170x170.jpg 170w, https:\/\/www.straz.pulawy.pl\/wp-content\/uploads\/2019\/09\/DSC_0097-370x370.jpg 370w, https:\/\/www.straz.pulawy.pl\/wp-content\/uploads\/2019\/09\/DSC_0097-440x440.jpg 440w\" sizes=\"auto, (max-width: 150px) 100vw, 150px\" \/><\/a>\n\t\t\t<\/div><\/figure><figure class='gallery-item'>\n\t\t\t<div class='gallery-icon landscape'>\n\t\t\t\t<a href='https:\/\/www.straz.pulawy.pl\/wp-content\/uploads\/2019\/09\/DSC_0086.jpg'><img loading=\"lazy\" decoding=\"async\" width=\"150\" height=\"150\" src=\"https:\/\/www.straz.pulawy.pl\/wp-content\/uploads\/2019\/09\/DSC_0086-150x150.jpg\" class=\"attachment-thumbnail size-thumbnail\" alt=\"\" srcset=\"https:\/\/www.straz.pulawy.pl\/wp-content\/uploads\/2019\/09\/DSC_0086-150x150.jpg 150w, https:\/\/www.straz.pulawy.pl\/wp-content\/uploads\/2019\/09\/DSC_0086-170x170.jpg 170w, https:\/\/www.straz.pulawy.pl\/wp-content\/uploads\/2019\/09\/DSC_0086-370x370.jpg 370w, https:\/\/www.straz.pulawy.pl\/wp-content\/uploads\/2019\/09\/DSC_0086-440x440.jpg 440w\" sizes=\"auto, (max-width: 150px) 100vw, 150px\" \/><\/a>\n\t\t\t<\/div><\/figure><figure class='gallery-item'>\n\t\t\t<div class='gallery-icon landscape'>\n\t\t\t\t<a href='https:\/\/www.straz.pulawy.pl\/wp-content\/uploads\/2019\/09\/DSC_0129.jpg'><img loading=\"lazy\" decoding=\"async\" width=\"150\" height=\"150\" src=\"https:\/\/www.straz.pulawy.pl\/wp-content\/uploads\/2019\/09\/DSC_0129-150x150.jpg\" class=\"attachment-thumbnail size-thumbnail\" alt=\"\" srcset=\"https:\/\/www.straz.pulawy.pl\/wp-content\/uploads\/2019\/09\/DSC_0129-150x150.jpg 150w, https:\/\/www.straz.pulawy.pl\/wp-content\/uploads\/2019\/09\/DSC_0129-170x170.jpg 170w, https:\/\/www.straz.pulawy.pl\/wp-content\/uploads\/2019\/09\/DSC_0129-370x370.jpg 370w, https:\/\/www.straz.pulawy.pl\/wp-content\/uploads\/2019\/09\/DSC_0129-440x440.jpg 440w\" sizes=\"auto, (max-width: 150px) 100vw, 150px\" \/><\/a>\n\t\t\t<\/div><\/figure><figure class='gallery-item'>\n\t\t\t<div class='gallery-icon landscape'>\n\t\t\t\t<a href='https:\/\/www.straz.pulawy.pl\/wp-content\/uploads\/2019\/09\/DSC_0173.jpg'><img loading=\"lazy\" decoding=\"async\" width=\"150\" height=\"150\" src=\"https:\/\/www.straz.pulawy.pl\/wp-content\/uploads\/2019\/09\/DSC_0173-150x150.jpg\" class=\"attachment-thumbnail size-thumbnail\" alt=\"\" srcset=\"https:\/\/www.straz.pulawy.pl\/wp-content\/uploads\/2019\/09\/DSC_0173-150x150.jpg 150w, https:\/\/www.straz.pulawy.pl\/wp-content\/uploads\/2019\/09\/DSC_0173-170x170.jpg 170w, https:\/\/www.straz.pulawy.pl\/wp-content\/uploads\/2019\/09\/DSC_0173-370x370.jpg 370w, https:\/\/www.straz.pulawy.pl\/wp-content\/uploads\/2019\/09\/DSC_0173-440x440.jpg 440w\" sizes=\"auto, (max-width: 150px) 100vw, 150px\" \/><\/a>\n\t\t\t<\/div><\/figure><figure class='gallery-item'>\n\t\t\t<div class='gallery-icon landscape'>\n\t\t\t\t<a href='https:\/\/www.straz.pulawy.pl\/wp-content\/uploads\/2019\/09\/DSC_0207.jpg'><img loading=\"lazy\" decoding=\"async\" width=\"150\" height=\"150\" src=\"https:\/\/www.straz.pulawy.pl\/wp-content\/uploads\/2019\/09\/DSC_0207-150x150.jpg\" class=\"attachment-thumbnail size-thumbnail\" alt=\"\" srcset=\"https:\/\/www.straz.pulawy.pl\/wp-content\/uploads\/2019\/09\/DSC_0207-150x150.jpg 150w, https:\/\/www.straz.pulawy.pl\/wp-content\/uploads\/2019\/09\/DSC_0207-170x170.jpg 170w, https:\/\/www.straz.pulawy.pl\/wp-content\/uploads\/2019\/09\/DSC_0207-370x370.jpg 370w, https:\/\/www.straz.pulawy.pl\/wp-content\/uploads\/2019\/09\/DSC_0207-440x440.jpg 440w\" sizes=\"auto, (max-width: 150px) 100vw, 150px\" \/><\/a>\n\t\t\t<\/div><\/figure><figure class='gallery-item'>\n\t\t\t<div class='gallery-icon portrait'>\n\t\t\t\t<a href='https:\/\/www.straz.pulawy.pl\/wp-content\/uploads\/2019\/09\/DSC_0127.jpg'><img loading=\"lazy\" decoding=\"async\" width=\"150\" height=\"150\" src=\"https:\/\/www.straz.pulawy.pl\/wp-content\/uploads\/2019\/09\/DSC_0127-150x150.jpg\" class=\"attachment-thumbnail size-thumbnail\" alt=\"\" srcset=\"https:\/\/www.straz.pulawy.pl\/wp-content\/uploads\/2019\/09\/DSC_0127-150x150.jpg 150w, https:\/\/www.straz.pulawy.pl\/wp-content\/uploads\/2019\/09\/DSC_0127-170x170.jpg 170w, https:\/\/www.straz.pulawy.pl\/wp-content\/uploads\/2019\/09\/DSC_0127-370x370.jpg 370w, https:\/\/www.straz.pulawy.pl\/wp-content\/uploads\/2019\/09\/DSC_0127-440x440.jpg 440w\" sizes=\"auto, (max-width: 150px) 100vw, 150px\" \/><\/a>\n\t\t\t<\/div><\/figure><figure class='gallery-item'>\n\t\t\t<div class='gallery-icon portrait'>\n\t\t\t\t<a href='https:\/\/www.straz.pulawy.pl\/wp-content\/uploads\/2019\/09\/DSC_0125.jpg'><img loading=\"lazy\" decoding=\"async\" width=\"150\" height=\"150\" src=\"https:\/\/www.straz.pulawy.pl\/wp-content\/uploads\/2019\/09\/DSC_0125-150x150.jpg\" class=\"attachment-thumbnail size-thumbnail\" alt=\"\" srcset=\"https:\/\/www.straz.pulawy.pl\/wp-content\/uploads\/2019\/09\/DSC_0125-150x150.jpg 150w, https:\/\/www.straz.pulawy.pl\/wp-content\/uploads\/2019\/09\/DSC_0125-170x170.jpg 170w, https:\/\/www.straz.pulawy.pl\/wp-content\/uploads\/2019\/09\/DSC_0125-370x370.jpg 370w, https:\/\/www.straz.pulawy.pl\/wp-content\/uploads\/2019\/09\/DSC_0125-440x440.jpg 440w\" sizes=\"auto, (max-width: 150px) 100vw, 150px\" \/><\/a>\n\t\t\t<\/div><\/figure><figure class='gallery-item'>\n\t\t\t<div class='gallery-icon landscape'>\n\t\t\t\t<a href='https:\/\/www.straz.pulawy.pl\/wp-content\/uploads\/2019\/09\/DSC_0199.jpg'><img loading=\"lazy\" decoding=\"async\" width=\"150\" height=\"150\" src=\"https:\/\/www.straz.pulawy.pl\/wp-content\/uploads\/2019\/09\/DSC_0199-150x150.jpg\" class=\"attachment-thumbnail size-thumbnail\" alt=\"\" srcset=\"https:\/\/www.straz.pulawy.pl\/wp-content\/uploads\/2019\/09\/DSC_0199-150x150.jpg 150w, https:\/\/www.straz.pulawy.pl\/wp-content\/uploads\/2019\/09\/DSC_0199-170x170.jpg 170w, https:\/\/www.straz.pulawy.pl\/wp-content\/uploads\/2019\/09\/DSC_0199-370x370.jpg 370w, https:\/\/www.straz.pulawy.pl\/wp-content\/uploads\/2019\/09\/DSC_0199-440x440.jpg 440w\" sizes=\"auto, (max-width: 150px) 100vw, 150px\" \/><\/a>\n\t\t\t<\/div><\/figure><figure class='gallery-item'>\n\t\t\t<div class='gallery-icon landscape'>\n\t\t\t\t<a href='https:\/\/www.straz.pulawy.pl\/wp-content\/uploads\/2019\/09\/DSC_0277.jpg'><img loading=\"lazy\" decoding=\"async\" width=\"150\" height=\"150\" src=\"https:\/\/www.straz.pulawy.pl\/wp-content\/uploads\/2019\/09\/DSC_0277-150x150.jpg\" class=\"attachment-thumbnail size-thumbnail\" alt=\"\" srcset=\"https:\/\/www.straz.pulawy.pl\/wp-content\/uploads\/2019\/09\/DSC_0277-150x150.jpg 150w, https:\/\/www.straz.pulawy.pl\/wp-content\/uploads\/2019\/09\/DSC_0277-170x170.jpg 170w, https:\/\/www.straz.pulawy.pl\/wp-content\/uploads\/2019\/09\/DSC_0277-370x370.jpg 370w, https:\/\/www.straz.pulawy.pl\/wp-content\/uploads\/2019\/09\/DSC_0277-440x440.jpg 440w\" sizes=\"auto, (max-width: 150px) 100vw, 150px\" \/><\/a>\n\t\t\t<\/div><\/figure>\n\t\t<\/div>\n\n<p>Opracowanie: KP PSP Pu\u0142awy<\/p>\n<p>Fotogaleria: Rafa\u0142 Bieli\u0144ski<\/p>\n","protected":false},"excerpt":{"rendered":"<p>21 wrze\u015bnie 2019 r. Ochotnicza Stra\u017c Po\u017carna w Na\u0142\u0119czowie \u015bwi\u0119towa\u0142a jubileusz 120-lecia swojego istnienia. Uroczysto\u015b\u0107 rozpocz\u0119\u0142a si\u0119 Msz\u0105 \u015awi\u0119t\u0105 w Ko\u015bciele parafialnym \u015bw. Jana Chrzciciela w Na\u0142\u0119czowie w intencji wszystkich stra\u017cak\u00f3w za ich rodziny i zmar\u0142ych stra\u017cak\u00f3w. Po Mszy \u015aw. stra\u017cacy wraz z zaproszonymi go\u015b\u0107mi i uczestnikami obchod\u00f3w przemaszerowali w\u00a0asy\u015bcie orkiestry d\u0119tej OSP z Tomaszowa [&hellip;]<\/p>\n","protected":false},"author":3,"featured_media":3176,"comment_status":"closed","ping_status":"open","sticky":false,"template":"","format":"standard","meta":{"footnotes":"","_links_to":"","_links_to_target":""},"categories":[1],"tags":[],"class_list":["post-3177","post","type-post","status-publish","format-standard","has-post-thumbnail","hentry","category-aktualnosci"],"_links":{"self":[{"href":"https:\/\/www.straz.pulawy.pl\/index.php?rest_route=\/wp\/v2\/posts\/3177","targetHints":{"allow":["GET"]}}],"collection":[{"href":"https:\/\/www.straz.pulawy.pl\/index.php?rest_route=\/wp\/v2\/posts"}],"about":[{"href":"https:\/\/www.straz.pulawy.pl\/index.php?rest_route=\/wp\/v2\/types\/post"}],"author":[{"embeddable":true,"href":"https:\/\/www.straz.pulawy.pl\/index.php?rest_route=\/wp\/v2\/users\/3"}],"replies":[{"embeddable":true,"href":"https:\/\/www.straz.pulawy.pl\/index.php?rest_route=%2Fwp%2Fv2%2Fcomments&post=3177"}],"version-history":[{"count":5,"href":"https:\/\/www.straz.pulawy.pl\/index.php?rest_route=\/wp\/v2\/posts\/3177\/revisions"}],"predecessor-version":[{"id":3182,"href":"https:\/\/www.straz.pulawy.pl\/index.php?rest_route=\/wp\/v2\/posts\/3177\/revisions\/3182"}],"wp:featuredmedia":[{"embeddable":true,"href":"https:\/\/www.straz.pulawy.pl\/index.php?rest_route=\/wp\/v2\/media\/3176"}],"wp:attachment":[{"href":"https:\/\/www.straz.pulawy.pl\/index.php?rest_route=%2Fwp%2Fv2%2Fmedia&parent=3177"}],"wp:term":[{"taxonomy":"category","embeddable":true,"href":"https:\/\/www.straz.pulawy.pl\/index.php?rest_route=%2Fwp%2Fv2%2Fcategories&post=3177"},{"taxonomy":"post_tag","embeddable":true,"href":"https:\/\/www.straz.pulawy.pl\/index.php?rest_route=%2Fwp%2Fv2%2Ftags&post=3177"}],"curies":[{"name":"wp","href":"https:\/\/api.w.org\/{rel}","templated":true}]}}