{"id":5692,"date":"2022-07-12T11:16:21","date_gmt":"2022-07-12T09:16:21","guid":{"rendered":"https:\/\/www.straz.pulawy.pl\/?p=5692"},"modified":"2022-07-12T11:21:13","modified_gmt":"2022-07-12T09:21:13","slug":"xvi-ogolnopolskiej-pieszej-pielgrzymki-strazakow-i-ich-rodzin-na-jasna-gore","status":"publish","type":"post","link":"http:\/\/www.straz.pulawy.pl\/?p=5692","title":{"rendered":"XVI Og\u00f3lnopolska Piesza Pielgrzymka Stra\u017cak\u00f3w i ich Rodzin na Jasn\u0105 G\u00f3r\u0119"},"content":{"rendered":"<p><span dir=\"ltr\" role=\"presentation\">W dniach 5-14 sierpnia 2022 r.<\/span> <span dir=\"ltr\" role=\"presentation\">odb\u0119dzie<\/span> <span dir=\"ltr\" role=\"presentation\">si\u0119 <\/span><span dir=\"ltr\" role=\"presentation\">XVI Og\u00f3lnopolska Piesza Pielgrzymka<\/span> <span dir=\"ltr\" role=\"presentation\">Stra\u017cak\u00f3w<\/span> <span dir=\"ltr\" role=\"presentation\">i ich Rodzin na<\/span> <span dir=\"ltr\" role=\"presentation\">Jasn\u0105<\/span> <span dir=\"ltr\" role=\"presentation\">G\u00f3r\u0119. <\/span><span dir=\"ltr\" role=\"presentation\">Wyj\u015bcie<\/span> <span dir=\"ltr\" role=\"presentation\">Pielgrzymki rozpocznie<\/span> <span dir=\"ltr\" role=\"presentation\">si\u0119<\/span> <span dir=\"ltr\" role=\"presentation\">uroczyst\u0105<\/span> <span dir=\"ltr\" role=\"presentation\">msz\u0105<\/span> <span dir=\"ltr\" role=\"presentation\">\u015bw.<\/span> <span dir=\"ltr\" role=\"presentation\">w dniu 5 sierpnia br. <\/span><span dir=\"ltr\" role=\"presentation\">(pi\u0105tek)<\/span> <span dir=\"ltr\" role=\"presentation\">o godz. 7.00 w Sanktuarium Matki<\/span> <span dir=\"ltr\" role=\"presentation\">Bo\u017cej<\/span> <span dir=\"ltr\" role=\"presentation\">Ostrobramskiej w Warszawie <\/span><span dir=\"ltr\" role=\"presentation\">przy ul. Ostrobramskiej 72 (wjazd od ul.<\/span> <span dir=\"ltr\" role=\"presentation\">\u0141ukowskiej),<\/span> <span dir=\"ltr\" role=\"presentation\">natomiast<\/span> <span dir=\"ltr\" role=\"presentation\">wej\u015bcie<\/span> <span dir=\"ltr\" role=\"presentation\">na<\/span> <span dir=\"ltr\" role=\"presentation\">Jasn\u0105 <\/span><span dir=\"ltr\" role=\"presentation\">G\u00f3r\u0119<\/span> <span dir=\"ltr\" role=\"presentation\">zaplanowano 14 sierpnia br. (niedziela) ok. godz. 11.30.<\/span><\/p>\n<p><span dir=\"ltr\" role=\"presentation\">Osoby zainteresowane<\/span> <span dir=\"ltr\" role=\"presentation\">Pielgrzymk\u0105<\/span> <span dir=\"ltr\" role=\"presentation\">prosz\u0119<\/span> <span dir=\"ltr\" role=\"presentation\">o<\/span> <span dir=\"ltr\" role=\"presentation\">bezpo\u015bredni<\/span> <span dir=\"ltr\" role=\"presentation\">kontakt z ks.<\/span> <span dir=\"ltr\" role=\"presentation\">Paw\u0142em <\/span><span dir=\"ltr\" role=\"presentation\">Samborskim tel. 882 998 456 lub z kapelanem wojew\u00f3dzkim<\/span> <span dir=\"ltr\" role=\"presentation\">pe\u0142ni\u0105cym<\/span> <span dir=\"ltr\" role=\"presentation\">pos\u0142ug\u0119 <\/span><span dir=\"ltr\" role=\"presentation\">duszpastersk\u0105.<\/span><\/p>\n<p><img loading=\"lazy\" decoding=\"async\" class=\"alignnone size-medium wp-image-5694\" src=\"https:\/\/www.straz.pulawy.pl\/wp-content\/uploads\/2022\/07\/plakat1-1-212x300.jpg\" alt=\"\" width=\"212\" height=\"300\" srcset=\"http:\/\/www.straz.pulawy.pl\/wp-content\/uploads\/2022\/07\/plakat1-1-212x300.jpg 212w, http:\/\/www.straz.pulawy.pl\/wp-content\/uploads\/2022\/07\/plakat1-1-725x1024.jpg 725w, http:\/\/www.straz.pulawy.pl\/wp-content\/uploads\/2022\/07\/plakat1-1-768x1085.jpg 768w, http:\/\/www.straz.pulawy.pl\/wp-content\/uploads\/2022\/07\/plakat1-1-1087x1536.jpg 1087w, http:\/\/www.straz.pulawy.pl\/wp-content\/uploads\/2022\/07\/plakat1-1-1449x2048.jpg 1449w, http:\/\/www.straz.pulawy.pl\/wp-content\/uploads\/2022\/07\/plakat1-1-scaled.jpg 1811w\" sizes=\"auto, (max-width: 212px) 100vw, 212px\" \/><\/p>\n","protected":false},"excerpt":{"rendered":"<p>W dniach 5-14 sierpnia 2022 r. odb\u0119dzie si\u0119 XVI Og\u00f3lnopolska Piesza Pielgrzymka Stra\u017cak\u00f3w i ich Rodzin na Jasn\u0105 G\u00f3r\u0119. Wyj\u015bcie Pielgrzymki rozpocznie si\u0119 uroczyst\u0105 msz\u0105 \u015bw. w dniu 5 sierpnia br. (pi\u0105tek) o godz. 7.00 w Sanktuarium Matki Bo\u017cej Ostrobramskiej w Warszawie przy ul. Ostrobramskiej 72 (wjazd od ul. \u0141ukowskiej), natomiast wej\u015bcie na Jasn\u0105 G\u00f3r\u0119 [&hellip;]<\/p>\n","protected":false},"author":3,"featured_media":5694,"comment_status":"closed","ping_status":"open","sticky":false,"template":"","format":"standard","meta":{"footnotes":"","_links_to":"","_links_to_target":""},"categories":[1],"tags":[],"class_list":["post-5692","post","type-post","status-publish","format-standard","has-post-thumbnail","hentry","category-aktualnosci"],"_links":{"self":[{"href":"http:\/\/www.straz.pulawy.pl\/index.php?rest_route=\/wp\/v2\/posts\/5692","targetHints":{"allow":["GET"]}}],"collection":[{"href":"http:\/\/www.straz.pulawy.pl\/index.php?rest_route=\/wp\/v2\/posts"}],"about":[{"href":"http:\/\/www.straz.pulawy.pl\/index.php?rest_route=\/wp\/v2\/types\/post"}],"author":[{"embeddable":true,"href":"http:\/\/www.straz.pulawy.pl\/index.php?rest_route=\/wp\/v2\/users\/3"}],"replies":[{"embeddable":true,"href":"http:\/\/www.straz.pulawy.pl\/index.php?rest_route=%2Fwp%2Fv2%2Fcomments&post=5692"}],"version-history":[{"count":2,"href":"http:\/\/www.straz.pulawy.pl\/index.php?rest_route=\/wp\/v2\/posts\/5692\/revisions"}],"predecessor-version":[{"id":5698,"href":"http:\/\/www.straz.pulawy.pl\/index.php?rest_route=\/wp\/v2\/posts\/5692\/revisions\/5698"}],"wp:featuredmedia":[{"embeddable":true,"href":"http:\/\/www.straz.pulawy.pl\/index.php?rest_route=\/wp\/v2\/media\/5694"}],"wp:attachment":[{"href":"http:\/\/www.straz.pulawy.pl\/index.php?rest_route=%2Fwp%2Fv2%2Fmedia&parent=5692"}],"wp:term":[{"taxonomy":"category","embeddable":true,"href":"http:\/\/www.straz.pulawy.pl\/index.php?rest_route=%2Fwp%2Fv2%2Fcategories&post=5692"},{"taxonomy":"post_tag","embeddable":true,"href":"http:\/\/www.straz.pulawy.pl\/index.php?rest_route=%2Fwp%2Fv2%2Ftags&post=5692"}],"curies":[{"name":"wp","href":"https:\/\/api.w.org\/{rel}","templated":true}]}}