{"id":4661,"date":"2021-08-05T10:10:18","date_gmt":"2021-08-05T08:10:18","guid":{"rendered":"http:\/\/www.straz.pulawy.pl\/?p=4661"},"modified":"2021-09-21T10:53:06","modified_gmt":"2021-09-21T08:53:06","slug":"szczepimy-sie-z-osp-spotkanie-z-jednostkami","status":"publish","type":"post","link":"http:\/\/www.straz.pulawy.pl\/?p=4661","title":{"rendered":"#Szczepimy Si\u0119 z OSP &#8211; spotkanie z Samorz\u0105dami oraz SP ZOZ z powiatu pu\u0142awskiego"},"content":{"rendered":"<div class=\"\" dir=\"auto\">\n<div id=\"jsc_c_3g\" class=\"ecm0bbzt hv4rvrfc ihqw7lf3 dati1w0a\" data-ad-comet-preview=\"message\" data-ad-preview=\"message\">\n<div class=\"j83agx80 cbu4d94t ew0dbk1b irj2b8pg\">\n<div class=\"qzhwtbm6 knvmm38d\">\n<div class=\"kvgmc6g5 cxmmr5t8 oygrvhab hcukyx3x c1et5uql ii04i59q\">\n<div dir=\"auto\">#Szczepimy Si\u0119 z OSP<\/div>\n<div dir=\"auto\">W dniu 4 sierpnia br. w Komendzie Powiatowej PSP w Pu\u0142awach odby\u0142o si\u0119 spotkanie z przedstawicielami w\u0142adz samorz\u0105dowych, PZZK w Pu\u0142awach oraz O\u015brodk\u00f3w Zdrowia.\u00a0 Samorz\u0105dowcy przedstawili sytuacj\u0119 dot. szczepie\u0144 w poszczeg\u00f3lnych gminach z uwzgl\u0119dnieniem O\u015brodk\u00f3w Zdrowia oraz mobilnych jednostek szczepie\u0144 (szczepienobusy UW Lublin). Komendant Powiatowy PSP w Pu\u0142awach obja\u015bni\u0142 zasady funkcjonowania programu #SzczepimySi\u0119 z OSP, sposoby rozliczania oraz oczekiwania od jednostek OSP. W toku dyskusji ustalono, \u017ce wsp\u00f3lnie wszyscy b\u0119d\u0105 zach\u0119ca\u0107 i udziela\u0107 pomocy jednostkom OSP, kt\u00f3re zechc\u0105 wzi\u0105\u0107 udzia\u0142 w akcji.<\/div>\n<div dir=\"auto\"><\/div>\n<div dir=\"auto\">\n<div class='photonic-wp-stream photonic-stream ' id='photonic-wp-stream-1'>\n\n\t<div id='photonic-wp-stream-1-container' class='title-display-tooltip photonic-level-1-container sizes-present photonic-gallery-3c photonic-standard-layout photonic-thumbnail-effect-none' data-photonic-platform=\"wp\" data-photonic-gallery-columns=\"3\" data-photonic-query=\"order=ASC&amp;orderby=post__in&amp;id=4661&amp;itemtag=dl&amp;icontag=dt&amp;captiontag=dd&amp;size=thumbnail&amp;include=4663,4664&amp;exclude=&amp;link=post&amp;offset=0&amp;layout=square&amp;custom_classes=&amp;alignment=&amp;caption=title&amp;page=1&amp;count=-1&amp;thumb_size=thumbnail&amp;slide_size=large&amp;type=default&amp;style=square&amp;display=local&amp;main_size=full&amp;columns=3&amp;ids=4663,4664\">\n\t\t<figure class='photonic-level-1 photonic-thumb'>\n\t\t\t<a href='http:\/\/www.straz.pulawy.pl\/wp-content\/uploads\/2021\/08\/DSC0211-1-scaled.jpg' title='Komendantci podczas spotkania z przedstawicielami w\u0142adz samorz\u0105dowych.' class='photonic-lb photonic-baguettebox baguettebox' data-photonic-media-type=\"image\" data-content-type=\"image\" data-photonic-deep=\"gallery[photonic-wp-stream-1]\/4663\/\" data-title=\"&lt;a href=&#039;http:\/\/www.straz.pulawy.pl\/wp-content\/uploads\/2021\/08\/DSC0211-1-scaled.jpg&#039; &gt;Komendantci podczas spotkania z przedstawicielami w\u0142adz samorz\u0105dowych.&lt;\/a&gt;\" data-photonic-tooltip=\"Komendantci podczas spotkania z przedstawicielami w\u0142adz samorz\u0105dowych.\">\n\t\t\t\t<img alt='Komendantci podczas spotkania z przedstawicielami w\u0142adz samorz\u0105dowych.' class='square' data-src='http:\/\/www.straz.pulawy.pl\/wp-content\/uploads\/2021\/08\/DSC0211-1-150x150.jpg' \/>\n\t\t\t<\/a>\n\t\t<\/figure>\n\t\t<figure class='photonic-level-1 photonic-thumb'>\n\t\t\t<a href='http:\/\/www.straz.pulawy.pl\/wp-content\/uploads\/2021\/08\/DSC0213-scaled.jpg' title='Komendant oraz Naczelnik wydzia\u0142u operacyjnego podczas spotkania z przedstawicielami w\u0142adz samorz\u0105dowych.' class='photonic-lb photonic-baguettebox baguettebox' data-photonic-media-type=\"image\" data-content-type=\"image\" data-photonic-deep=\"gallery[photonic-wp-stream-1]\/4664\/\" data-title=\"&lt;a href=&#039;http:\/\/www.straz.pulawy.pl\/wp-content\/uploads\/2021\/08\/DSC0213-scaled.jpg&#039; &gt;Komendant oraz Naczelnik wydzia\u0142u operacyjnego podczas spotkania z przedstawicielami w\u0142adz samorz\u0105dowych.&lt;\/a&gt;\" data-photonic-tooltip=\"Komendant oraz Naczelnik wydzia\u0142u operacyjnego podczas spotkania z przedstawicielami w\u0142adz samorz\u0105dowych.\">\n\t\t\t\t<img alt='Komendant oraz Naczelnik wydzia\u0142u operacyjnego podczas spotkania z przedstawicielami w\u0142adz samorz\u0105dowych.' class='square' data-src='http:\/\/www.straz.pulawy.pl\/wp-content\/uploads\/2021\/08\/DSC0213-150x150.jpg' \/>\n\t\t\t<\/a>\n\t\t<\/figure>\n\n\t<\/div> <!-- .\/photonic-level-1-container -->\n\t<span><\/span>\n<\/div><!-- .photonic-stream or .photonic-panel -->\n\n<\/div>\n<\/div>\n<\/div>\n<\/div>\n<\/div>\n<\/div>\n","protected":false},"excerpt":{"rendered":"<p>#Szczepimy Si\u0119 z OSP W dniu 4 sierpnia br. w Komendzie Powiatowej PSP w Pu\u0142awach odby\u0142o si\u0119 spotkanie z przedstawicielami w\u0142adz samorz\u0105dowych, PZZK w Pu\u0142awach oraz O\u015brodk\u00f3w Zdrowia.\u00a0 Samorz\u0105dowcy przedstawili sytuacj\u0119 dot. szczepie\u0144 w poszczeg\u00f3lnych gminach z uwzgl\u0119dnieniem O\u015brodk\u00f3w Zdrowia oraz mobilnych jednostek szczepie\u0144 (szczepienobusy UW Lublin). Komendant Powiatowy PSP w Pu\u0142awach obja\u015bni\u0142 zasady funkcjonowania [&hellip;]<\/p>\n","protected":false},"author":2,"featured_media":4662,"comment_status":"closed","ping_status":"open","sticky":false,"template":"","format":"standard","meta":{"footnotes":"","_links_to":"","_links_to_target":""},"categories":[1],"tags":[],"class_list":["post-4661","post","type-post","status-publish","format-standard","has-post-thumbnail","hentry","category-aktualnosci"],"_links":{"self":[{"href":"http:\/\/www.straz.pulawy.pl\/index.php?rest_route=\/wp\/v2\/posts\/4661","targetHints":{"allow":["GET"]}}],"collection":[{"href":"http:\/\/www.straz.pulawy.pl\/index.php?rest_route=\/wp\/v2\/posts"}],"about":[{"href":"http:\/\/www.straz.pulawy.pl\/index.php?rest_route=\/wp\/v2\/types\/post"}],"author":[{"embeddable":true,"href":"http:\/\/www.straz.pulawy.pl\/index.php?rest_route=\/wp\/v2\/users\/2"}],"replies":[{"embeddable":true,"href":"http:\/\/www.straz.pulawy.pl\/index.php?rest_route=%2Fwp%2Fv2%2Fcomments&post=4661"}],"version-history":[{"count":6,"href":"http:\/\/www.straz.pulawy.pl\/index.php?rest_route=\/wp\/v2\/posts\/4661\/revisions"}],"predecessor-version":[{"id":4678,"href":"http:\/\/www.straz.pulawy.pl\/index.php?rest_route=\/wp\/v2\/posts\/4661\/revisions\/4678"}],"wp:featuredmedia":[{"embeddable":true,"href":"http:\/\/www.straz.pulawy.pl\/index.php?rest_route=\/wp\/v2\/media\/4662"}],"wp:attachment":[{"href":"http:\/\/www.straz.pulawy.pl\/index.php?rest_route=%2Fwp%2Fv2%2Fmedia&parent=4661"}],"wp:term":[{"taxonomy":"category","embeddable":true,"href":"http:\/\/www.straz.pulawy.pl\/index.php?rest_route=%2Fwp%2Fv2%2Fcategories&post=4661"},{"taxonomy":"post_tag","embeddable":true,"href":"http:\/\/www.straz.pulawy.pl\/index.php?rest_route=%2Fwp%2Fv2%2Ftags&post=4661"}],"curies":[{"name":"wp","href":"https:\/\/api.w.org\/{rel}","templated":true}]}}