{"id":4482,"date":"2021-05-04T08:48:44","date_gmt":"2021-05-04T06:48:44","guid":{"rendered":"http:\/\/www.straz.pulawy.pl\/?p=4482"},"modified":"2021-05-12T10:06:09","modified_gmt":"2021-05-12T08:06:09","slug":"zyczenia-ministra-spraw-wewnetrznych-i-administracji-mariusza-kaminskiego-z-okazji-dnia-strazaka","status":"publish","type":"post","link":"http:\/\/www.straz.pulawy.pl\/?p=4482","title":{"rendered":"\u017byczenia Ministra Spraw Wewn\u0119trznych i Administracji Mariusza Kami\u0144skiego z okazji Dnia Stra\u017caka"},"content":{"rendered":"<p>\u017byczenia Ministra Spraw Wewn\u0119trznych i Administracji Mariusza Kami\u0144skiego z okazji Dnia Stra\u017caka<\/p>\n<p><a href=\"http:\/\/www.straz.pulawy.pl\/wp-content\/uploads\/2021\/05\/zyczenia-Dzien-Strazaka-minister-Kaminski-724x1024-1.jpg\"><img loading=\"lazy\" decoding=\"async\" class=\"alignnone size-full wp-image-4483\" src=\"http:\/\/www.straz.pulawy.pl\/wp-content\/uploads\/2021\/05\/zyczenia-Dzien-Strazaka-minister-Kaminski-724x1024-1.jpg\" alt=\"\" width=\"724\" height=\"1024\" srcset=\"http:\/\/www.straz.pulawy.pl\/wp-content\/uploads\/2021\/05\/zyczenia-Dzien-Strazaka-minister-Kaminski-724x1024-1.jpg 724w, http:\/\/www.straz.pulawy.pl\/wp-content\/uploads\/2021\/05\/zyczenia-Dzien-Strazaka-minister-Kaminski-724x1024-1-212x300.jpg 212w\" sizes=\"auto, (max-width: 724px) 100vw, 724px\" \/><\/a><\/p>\n","protected":false},"excerpt":{"rendered":"<p>\u017byczenia Ministra Spraw Wewn\u0119trznych i Administracji Mariusza Kami\u0144skiego z okazji Dnia Stra\u017caka<\/p>\n","protected":false},"author":2,"featured_media":4484,"comment_status":"closed","ping_status":"open","sticky":false,"template":"","format":"standard","meta":{"footnotes":"","_links_to":"","_links_to_target":""},"categories":[1],"tags":[],"class_list":["post-4482","post","type-post","status-publish","format-standard","has-post-thumbnail","hentry","category-aktualnosci"],"_links":{"self":[{"href":"http:\/\/www.straz.pulawy.pl\/index.php?rest_route=\/wp\/v2\/posts\/4482","targetHints":{"allow":["GET"]}}],"collection":[{"href":"http:\/\/www.straz.pulawy.pl\/index.php?rest_route=\/wp\/v2\/posts"}],"about":[{"href":"http:\/\/www.straz.pulawy.pl\/index.php?rest_route=\/wp\/v2\/types\/post"}],"author":[{"embeddable":true,"href":"http:\/\/www.straz.pulawy.pl\/index.php?rest_route=\/wp\/v2\/users\/2"}],"replies":[{"embeddable":true,"href":"http:\/\/www.straz.pulawy.pl\/index.php?rest_route=%2Fwp%2Fv2%2Fcomments&post=4482"}],"version-history":[{"count":1,"href":"http:\/\/www.straz.pulawy.pl\/index.php?rest_route=\/wp\/v2\/posts\/4482\/revisions"}],"predecessor-version":[{"id":4485,"href":"http:\/\/www.straz.pulawy.pl\/index.php?rest_route=\/wp\/v2\/posts\/4482\/revisions\/4485"}],"wp:featuredmedia":[{"embeddable":true,"href":"http:\/\/www.straz.pulawy.pl\/index.php?rest_route=\/wp\/v2\/media\/4484"}],"wp:attachment":[{"href":"http:\/\/www.straz.pulawy.pl\/index.php?rest_route=%2Fwp%2Fv2%2Fmedia&parent=4482"}],"wp:term":[{"taxonomy":"category","embeddable":true,"href":"http:\/\/www.straz.pulawy.pl\/index.php?rest_route=%2Fwp%2Fv2%2Fcategories&post=4482"},{"taxonomy":"post_tag","embeddable":true,"href":"http:\/\/www.straz.pulawy.pl\/index.php?rest_route=%2Fwp%2Fv2%2Ftags&post=4482"}],"curies":[{"name":"wp","href":"https:\/\/api.w.org\/{rel}","templated":true}]}}