{"id":4235,"date":"2021-01-12T15:48:10","date_gmt":"2021-01-12T14:48:10","guid":{"rendered":"http:\/\/www.straz.pulawy.pl\/?p=4235"},"modified":"2021-02-01T09:38:19","modified_gmt":"2021-02-01T08:38:19","slug":"wideokonferencja-nt-szczepien","status":"publish","type":"post","link":"http:\/\/www.straz.pulawy.pl\/?p=4235","title":{"rendered":"Wideokonferencja nt. szczepie\u0144"},"content":{"rendered":"<p>\u201eInformujemy, \u017ce w dniu 14 stycznia 2021 roku o godzinie 13.00 i 17.00 planowane s\u0105 wideokonferencje po\u015bwi\u0119cone akcji propagowania szczepie\u0144 przeciw COVID-19 w\u015br\u00f3d os\u00f3b starszych z naszych miejscowo\u015bci.<\/p>\n<p>Prosimy przedstawicieli wszystkich jednostek OSP z powiatu pu\u0142awskiego o skorzystanie z mo\u017cliwo\u015bci po\u0142\u0105czenia wideokonferencyjnego. W celu uczestniczenia wystarczy zestawi\u0107 po\u0142\u0105czenie za pomoc\u0105 przegl\u0105darki internetowej, natomiast do zabrania g\u0142osu podczas spotkania wymagany jest mikrofon i ewentualnie kamera.<\/p>\n<p>Link do po\u0142\u0105czenia zostanie przes\u0142any oddzielnym sms-em do Prezes\u00f3w i Naczelnik\u00f3w jednostek OSP w dniu 13 stycznia 2021 r. w godzinach wieczornych.\u201d<\/p>\n<p>[pdf-embedder url=&#8221;http:\/\/www.straz.pulawy.pl\/wp-content\/uploads\/2021\/01\/plakaat.pdf&#8221;]<\/p>\n","protected":false},"excerpt":{"rendered":"<p>\u201eInformujemy, \u017ce w dniu 14 stycznia 2021 roku o godzinie 13.00 i 17.00 planowane s\u0105 wideokonferencje po\u015bwi\u0119cone akcji propagowania szczepie\u0144 przeciw COVID-19 w\u015br\u00f3d os\u00f3b starszych z naszych miejscowo\u015bci. Prosimy przedstawicieli wszystkich jednostek OSP z powiatu pu\u0142awskiego o skorzystanie z mo\u017cliwo\u015bci po\u0142\u0105czenia wideokonferencyjnego. W celu uczestniczenia wystarczy zestawi\u0107 po\u0142\u0105czenie za pomoc\u0105 przegl\u0105darki internetowej, natomiast do zabrania [&hellip;]<\/p>\n","protected":false},"author":2,"featured_media":4237,"comment_status":"closed","ping_status":"open","sticky":false,"template":"","format":"standard","meta":{"footnotes":"","_links_to":"","_links_to_target":""},"categories":[1],"tags":[],"class_list":["post-4235","post","type-post","status-publish","format-standard","has-post-thumbnail","hentry","category-aktualnosci"],"_links":{"self":[{"href":"http:\/\/www.straz.pulawy.pl\/index.php?rest_route=\/wp\/v2\/posts\/4235","targetHints":{"allow":["GET"]}}],"collection":[{"href":"http:\/\/www.straz.pulawy.pl\/index.php?rest_route=\/wp\/v2\/posts"}],"about":[{"href":"http:\/\/www.straz.pulawy.pl\/index.php?rest_route=\/wp\/v2\/types\/post"}],"author":[{"embeddable":true,"href":"http:\/\/www.straz.pulawy.pl\/index.php?rest_route=\/wp\/v2\/users\/2"}],"replies":[{"embeddable":true,"href":"http:\/\/www.straz.pulawy.pl\/index.php?rest_route=%2Fwp%2Fv2%2Fcomments&post=4235"}],"version-history":[{"count":1,"href":"http:\/\/www.straz.pulawy.pl\/index.php?rest_route=\/wp\/v2\/posts\/4235\/revisions"}],"predecessor-version":[{"id":4238,"href":"http:\/\/www.straz.pulawy.pl\/index.php?rest_route=\/wp\/v2\/posts\/4235\/revisions\/4238"}],"wp:featuredmedia":[{"embeddable":true,"href":"http:\/\/www.straz.pulawy.pl\/index.php?rest_route=\/wp\/v2\/media\/4237"}],"wp:attachment":[{"href":"http:\/\/www.straz.pulawy.pl\/index.php?rest_route=%2Fwp%2Fv2%2Fmedia&parent=4235"}],"wp:term":[{"taxonomy":"category","embeddable":true,"href":"http:\/\/www.straz.pulawy.pl\/index.php?rest_route=%2Fwp%2Fv2%2Fcategories&post=4235"},{"taxonomy":"post_tag","embeddable":true,"href":"http:\/\/www.straz.pulawy.pl\/index.php?rest_route=%2Fwp%2Fv2%2Ftags&post=4235"}],"curies":[{"name":"wp","href":"https:\/\/api.w.org\/{rel}","templated":true}]}}