{"id":4052,"date":"2020-10-13T07:58:37","date_gmt":"2020-10-13T05:58:37","guid":{"rendered":"http:\/\/www.straz.pulawy.pl\/?p=4052"},"modified":"2020-12-20T11:11:58","modified_gmt":"2020-12-20T10:11:58","slug":"czujka-na-strazy-twojego-bezpieczenstwa-sezon-grzewczy-2020-2021","status":"publish","type":"post","link":"http:\/\/www.straz.pulawy.pl\/?p=4052","title":{"rendered":"Czujka na stra\u017cy Twojego bezpiecze\u0144stwa! Sezon grzewczy 2020-2021"},"content":{"rendered":"<div class=\"editor-content\">\n<div>\n<p>\u201eCzujka na stra\u017cy Twojego bezpiecze\u0144stwa!\u201d, to og\u00f3lnopolska kampania edukacyjno-informacyjna na temat zagro\u017ce\u0144 zwi\u0105zanych z mo\u017cliwo\u015bci\u0105 powstania po\u017car\u00f3w w mieszkaniach lub domach jednorodzinnych oraz zatruciem tlenkiem w\u0119gla.<\/p>\n<p><strong>Sezon grzewczy 2020-2021 \u2013 1 pa\u017adziernika 2020 \u2013 31 marca 2021<\/strong><\/p>\n<p>W okresie jesienno-zimowym, w naszym kraju w mieszkaniach i domach jednorodzinnych wzrasta ryzyko powstania po\u017car\u00f3w. Najcz\u0119\u015bciej dochodzi do\u00a0nich w wyniku wad, albo niew\u0142a\u015bciwej eksploatacji urz\u0105dze\u0144 grzewczych, elektrycznych i gazowych. W tym samym okresie odnotowywany jest tak\u017ce wzrost liczby zatru\u0107 tlenkiem w\u0119gla,\u00a0zwanym &#8222;cichym zab\u00f3jc\u0105&#8221;, gdy\u017c jest niewidoczny oraz nie ma smaku, ani zapachu.<\/p>\n<p>Kampania jest skierowana do spo\u0142ecze\u0144stwa,\u00a0m.in. do dzieci i\u00a0m\u0142odzie\u017cy oraz do senior\u00f3w. Edukacja najm\u0142odszych jest wspania\u0142\u0105 inwestycj\u0105 w przysz\u0142o\u015b\u0107, z uwagi na fakt, \u017ce najm\u0142odsi w rozmowach z doros\u0142ymi dziel\u0105 si\u0119 zdobyt\u0105 wiedz\u0105. Kampania sk\u0142ada si\u0119 z kilku obszar\u00f3w m.in.: edukacji, informacji i promocji.<\/p>\n<p>Celem g\u0142\u00f3wnym kampanii jest zmniejszenie liczby ofiar po\u017car\u00f3w i zatru\u0107 tlenkiem w\u0119gla w mieszkaniach oraz domach jednorodzinnych. Celami szczeg\u00f3\u0142owymi s\u0105: podniesienie poziomu wiedzy na temat: zagro\u017ce\u0144 zwi\u0105zanych z po\u017carem w\u00a0mieszkaniach lub domach jednorodzinnych, zagro\u017ce\u0144 zwi\u0105zanych z emisj\u0105 tlenku w\u0119gla, zapewnienia w\u0142a\u015bciwej ewakuacji oraz sposob\u00f3w powiadamiania s\u0142u\u017cb ratowniczych. Istotnym jest u\u015bwiadomienie odbiorcom kampanii korzy\u015bci, jakie niesie za sob\u0105 zamontowanie i w\u0142a\u015bciwa eksploatacja czujek dymu i tlenku w\u0119gla w mieszkaniach lub domach jednorodzinnych.\u00a0Wa\u017cne jest przypomnienie w\u0142a\u015bcicielom i zarz\u0105dcom budynk\u00f3w obowi\u0105zku okresowego dokonywania przegl\u0105d\u00f3w i czyszczenie przewod\u00f3w kominowych oraz sprawdzenie instalacji wentylacyjnej.<\/p>\n<p><strong>G\u0142\u00f3wne przekazy tegorocznej kampanii\u00a0<\/strong><\/p>\n<ul>\n<li>Ka\u017cdego roku w naszych mieszkaniach i domach powstaje kilkadziesi\u0105t tysi\u0119cy po\u017car\u00f3w i kilka tysi\u0119cy zdarze\u0144, gdzie dochodzi do emisji tlenku w\u0119gla. Nasz dom jest miejscem, w kt\u00f3rym ka\u017cdy z nas czuje si\u0119 najbezpieczniej. Pomimo tego, to w\u0142a\u015bnie tam ginie najwi\u0119ksza liczba os\u00f3b, a\u00a0ofiarami po\u017car\u00f3w s\u0105 najcz\u0119\u015bciej ich sprawcy.<\/li>\n<li>Tlenek w\u0119gla to bardzo truj\u0105cy gaz. Nie jest on wyczuwalny przez ludzkie zmys\u0142y. Tlenku w\u0119gla\u00a0<strong>NIE us\u0142yszysz! NIE zobaczysz! NIE poczujesz!<\/strong><\/li>\n<li>W okresie grzewczym wzrasta ryzyko powstania po\u017car\u00f3w i zatru\u0107 tlenkiem w\u0119gla w budynkach mieszkalnych. \u0179r\u00f3d\u0142em emisji tlenku w\u0119gla s\u0105 urz\u0105dzenia grzewcze opalane drewnem, w\u0119glem, gazem, olejem opa\u0142owym.<\/li>\n<li>Co roku, a tym bardziej przed rozpocz\u0119ciem sezonu grzewczego nale\u017cy wykona\u0107 obowi\u0105zkowe okresowe przegl\u0105dy i czyszczenie przewod\u00f3w kominowych oraz sprawdzenie instalacji wentylacyjnej.<\/li>\n<li>Pa\u0144stwowa Stra\u017c Po\u017carna rekomenduje instalowanie czujek dymu i tlenku w\u0119gla.<\/li>\n<li>Pa\u0144stwowa Stra\u017c Po\u017carna przypomina o obowi\u0105zku w\u0142a\u015bciwego utrzymania stanu technicznego czujek dymu i tlenku w\u0119gla (m.in. wymian\u0119 baterii). Osobom starszym stra\u017cacy gotowi s\u0105 pom\u00f3c w\u00a0zamontowaniu danej czujki lub wymianie w nich baterii.<\/li>\n<li>Pa\u0144stwowa Stra\u017c Po\u017carna zwraca uwag\u0119 na fakt, \u017ce czujka tlenku w\u0119gla nie zast\u0119puje przegl\u0105du technicznego przewod\u00f3w wentylacyjnych i kominowych.<\/li>\n<\/ul>\n<p><strong>Sk\u0105d si\u0119 bierze czad i dlaczego jest tak niebezpieczny?<\/strong><\/p>\n<p>Czad, czyli tlenek w\u0119gla powstaje podczas procesu nieca\u0142kowitego spalania materia\u0142\u00f3w palnych. Ma silne w\u0142asno\u015bci toksyczne, jest l\u017cejszy od powietrza dlatego te\u017c gromadzi si\u0119 g\u0142\u00f3wnie pod sufitem. Niebezpiecze\u0144stwo zaczadzenia wynika z faktu, \u017ce tlenek w\u0119gla jest:<\/p>\n<ul>\n<li>bezwonny,<\/li>\n<li>bezbarwny,<\/li>\n<li>pozbawiony smaku.<\/li>\n<\/ul>\n<p>Czad blokuje dost\u0119p tlenu do organizmu, poprzez zajmowanie jego miejsca w\u00a0hemoglobinie (czerwonych krwinkach), powoduj\u0105c przy d\u0142ugotrwa\u0142ym nara\u017ceniu \u015bmier\u0107.<\/p>\n<p><strong>Co jest g\u0142\u00f3wn\u0105 przyczyn\u0105 zatru\u0107 tlenkiem w\u0119gla?<\/strong><\/p>\n<p>G\u0142\u00f3wnym \u017ar\u00f3d\u0142em zatru\u0107 w budynkach mieszkalnych jest niesprawno\u015b\u0107 przewod\u00f3w kominowych: wentylacyjnych i dymowych. Ich wadliwe dzia\u0142anie mo\u017ce wynika\u0107 z:<\/p>\n<ul>\n<li>nieszczelno\u015bci,<\/li>\n<li>braku konserwacji, w tym czyszczenia,<\/li>\n<li>wad konstrukcyjnych,<\/li>\n<li>niedostosowania istniej\u0105cego systemu wentylacji do standard\u00f3w szczelno\u015bci stosowanych okien i drzwi, w zwi\u0105zku z wymian\u0105 starych okien i drzwi na nowe.<\/li>\n<\/ul>\n<p><strong>PRZYPOMINAMY!<\/strong><\/p>\n<p>Zgodnie z \u00a7 34 rozporz\u0105dzenia Ministra Spraw Wewn\u0119trznych i Administracji z 7.06 2010 r. w\u00a0sprawie ochrony przeciwpo\u017carowej budynk\u00f3w, innych obiekt\u00f3w budowlanych i\u00a0teren\u00f3w (Dz. U. Nr 109 poz.719), w obiektach, w kt\u00f3rych odbywa si\u0119 proces spalania paliwa sta\u0142ego, ciek\u0142ego lub gazowego, usuwa si\u0119 zanieczyszczenia z przewod\u00f3w dymowych i\u00a0spalinowych:<\/p>\n<ul>\n<li>cztery razy w roku w domach opalanych paliwem sta\u0142ym (np. w\u0119glem, drewnem),<\/li>\n<li>dwa razy w roku w domach opalanych paliwem ciek\u0142ym i gazowym,<\/li>\n<li>co najmniej raz w miesi\u0105cu, je\u017celi przepisy miejscowe nie stanowi\u0105 inaczej od palenisk zak\u0142ad\u00f3w zbiorowego \u017cywienia i us\u0142ug gastronomicznych.<\/li>\n<li>co najmniej raz w roku usuwamy zanieczyszczenia z przewod\u00f3w wentylacyjnych.<\/li>\n<\/ul>\n<p>Z kolei art. 62 ust. 1 pkt 1 c ustawy z dnia 7 lipca 1994 r. Prawo budowlane (Dz. U. z\u00a02010 r. Nr 243, poz.1624) zobowi\u0105zuje w\u0142a\u015bcicieli i zarz\u0105dc\u00f3w blok\u00f3w mieszkalnych i\u00a0dom\u00f3w jednorodzinnych do okresowej kontroli, co najmniej raz w roku stanu technicznego instalacji gazowych oraz przewod\u00f3w kominowych (dymowych, spalinowych i\u00a0wentylacyjnych).<\/p>\n<p><strong>RADZIMY!<\/strong><\/p>\n<p>Co zrobi\u0107, aby unikn\u0105\u0107 zaczadzenia?<\/p>\n<ol>\n<li>Systematycznie czy\u015b\u0107, sprawdzaj szczelno\u015b\u0107 i wykonuj przegl\u0105dy techniczne przewod\u00f3w kominowych.<\/li>\n<li>U\u017cytkuj tylko sprawne techniczne urz\u0105dzenia, zgodnie z\u00a0instrukcj\u0105 producenta.<\/li>\n<li>Nie zas\u0142aniaj i nie przykrywaj urz\u0105dze\u0144 grzewczych.<\/li>\n<li>Nie zaklejaj i nie zas\u0142aniaj kratek wentylacyjnych.<\/li>\n<li>W przypadku wymiany okien na nowe, sprawd\u017a poprawno\u015b\u0107 dzia\u0142ania wentylacji, nowe okna s\u0105 najcz\u0119\u015bciej o wiele bardziej szczelne w stosunku do wcze\u015bniej stosowanych w budynku i mog\u0105 pogarsza\u0107 wentylacj\u0119.<\/li>\n<\/ol>\n<p>Nie bagatelizuj objaw\u00f3w takich jak: b\u00f3le i zawroty g\u0142owy, duszno\u015b\u0107, senno\u015b\u0107, os\u0142abienie, przyspieszona czynno\u015b\u0107 serca, mog\u0105 one by\u0107 sygna\u0142em, \u017ce ulegamy zatruciu tlenkiem w\u0119gla.<\/p>\n<p>W takiej sytuacji natychmiast przewietrz pomieszczenie, w kt\u00f3rym si\u0119 znajdujesz i\u00a0zasi\u0119gnij porady lekarskiej.<br \/>\nPoni\u017cej cztery infografiki i dwa wykresy ilustruj\u0105ce wy\u017cej opisane zagadnienia.<\/p>\n<p><img loading=\"lazy\" decoding=\"async\" src=\"https:\/\/www.gov.pl\/photo\/2a461781-0698-4ffe-bb17-74265c523549\" alt=\"Rys. 1. Czad oszukuje zmys\u0142y.\" width=\"595\" height=\"850\" \/><\/p>\n<p><strong>Rys. 1. Czad oszukuje zmys\u0142y.<\/strong><\/p>\n<p><strong><img loading=\"lazy\" decoding=\"async\" src=\"https:\/\/www.gov.pl\/photo\/a08acf65-a384-4e30-99e6-bb98f1f24878\" alt=\"Rys. 2. Te objawy mog\u0105 \u015bwiadczy\u0107 o obecno\u015bci tlenku w\u0119gla.\" width=\"595\" height=\"850\" \/><\/strong><\/p>\n<p><strong>Rys. 2. Te objawy mog\u0105 \u015bwiadczy\u0107 o obecno\u015bci tlenku w\u0119gla.<\/strong><\/p>\n<p><strong><img loading=\"lazy\" decoding=\"async\" src=\"https:\/\/www.gov.pl\/photo\/8b9eaeb9-3420-4396-8b05-fb1d4951a4e3\" alt=\"Rys. 3. W Polsce corocznie powstaje ponad 150 000 po\u017car\u00f3w, co pi\u0105ty z nich powstaje w domach.\" width=\"595\" height=\"850\" \/><\/strong><\/p>\n<p><strong>Rys. 3. W Polsce corocznie powstaje ponad 150 000 po\u017car\u00f3w, co pi\u0105ty z nich powstaje w domach.<\/strong><\/p>\n<p><strong><img loading=\"lazy\" decoding=\"async\" src=\"https:\/\/www.gov.pl\/photo\/1c9d26ca-daf0-4004-9fac-a351e2c956c2\" alt=\"Rys. 4. NIGDY NIE GA\u015a t\u0142uszczu i oleju WOD\u0104!\" width=\"595\" height=\"850\" \/><\/strong><\/p>\n<p><strong>Rys. 4. NIGDY NIE GA\u015a t\u0142uszczu i oleju WOD\u0104!<\/strong><\/p>\n<p><img loading=\"lazy\" decoding=\"async\" src=\"https:\/\/www.gov.pl\/photo\/b805be1c-a906-4b6f-ad00-4bd31a1d0b66\" alt=\"wykres\" width=\"800\" height=\"508\" \/><\/p>\n<p><strong>Liczba zdarze\u0144 zwi\u0105zanych z tlenkiem w\u0119gla, liczba poszkodowanych i ofiar \u015bmiertelnych w sezonach grzewczych 2010\/2011, 2011\/2012, 2012\/2013, 2013\/2014, 2014\/2015, 2015\/2016, 2016\/2017, 2017\/2018, 2018\/2019, 2019\/2020.<\/strong><\/p>\n<p><strong><img loading=\"lazy\" decoding=\"async\" src=\"https:\/\/www.gov.pl\/photo\/b5a311dc-cbfb-4dbf-9307-2bd9cdd53457\" alt=\"Wykres Excel\" width=\"796\" height=\"407\" \/><\/strong><\/p>\n<p><strong>Liczba ofiar \u015bmiertelnych tlenku w\u0119gla w sezonach grzewczych 2010\/2011, 2011\/2012, 2012\/2013, 2013\/2014, 2014\/2015, 2015\/2016, 2016\/2017, 2017\/2018, 2018\/2019, 2019\/2020.<\/strong><\/p>\n<p>&nbsp;<\/p>\n<p>Opracowanie:\u00a0<em>Wydzia\u0142 Prewencji Spo\u0142ecznej KG PSP<\/em><\/p>\n<\/div>\n<\/div>\n","protected":false},"excerpt":{"rendered":"<p>\u201eCzujka na stra\u017cy Twojego bezpiecze\u0144stwa!\u201d, to og\u00f3lnopolska kampania edukacyjno-informacyjna na temat zagro\u017ce\u0144 zwi\u0105zanych z mo\u017cliwo\u015bci\u0105 powstania po\u017car\u00f3w w mieszkaniach lub domach jednorodzinnych oraz zatruciem tlenkiem w\u0119gla. Sezon grzewczy 2020-2021 \u2013 1 pa\u017adziernika 2020 \u2013 31 marca 2021 W okresie jesienno-zimowym, w naszym kraju w mieszkaniach i domach jednorodzinnych wzrasta ryzyko powstania po\u017car\u00f3w. Najcz\u0119\u015bciej dochodzi do\u00a0nich [&hellip;]<\/p>\n","protected":false},"author":2,"featured_media":4053,"comment_status":"closed","ping_status":"open","sticky":false,"template":"","format":"standard","meta":{"footnotes":"","_links_to":"","_links_to_target":""},"categories":[1],"tags":[],"class_list":["post-4052","post","type-post","status-publish","format-standard","has-post-thumbnail","hentry","category-aktualnosci"],"_links":{"self":[{"href":"http:\/\/www.straz.pulawy.pl\/index.php?rest_route=\/wp\/v2\/posts\/4052","targetHints":{"allow":["GET"]}}],"collection":[{"href":"http:\/\/www.straz.pulawy.pl\/index.php?rest_route=\/wp\/v2\/posts"}],"about":[{"href":"http:\/\/www.straz.pulawy.pl\/index.php?rest_route=\/wp\/v2\/types\/post"}],"author":[{"embeddable":true,"href":"http:\/\/www.straz.pulawy.pl\/index.php?rest_route=\/wp\/v2\/users\/2"}],"replies":[{"embeddable":true,"href":"http:\/\/www.straz.pulawy.pl\/index.php?rest_route=%2Fwp%2Fv2%2Fcomments&post=4052"}],"version-history":[{"count":2,"href":"http:\/\/www.straz.pulawy.pl\/index.php?rest_route=\/wp\/v2\/posts\/4052\/revisions"}],"predecessor-version":[{"id":4121,"href":"http:\/\/www.straz.pulawy.pl\/index.php?rest_route=\/wp\/v2\/posts\/4052\/revisions\/4121"}],"wp:featuredmedia":[{"embeddable":true,"href":"http:\/\/www.straz.pulawy.pl\/index.php?rest_route=\/wp\/v2\/media\/4053"}],"wp:attachment":[{"href":"http:\/\/www.straz.pulawy.pl\/index.php?rest_route=%2Fwp%2Fv2%2Fmedia&parent=4052"}],"wp:term":[{"taxonomy":"category","embeddable":true,"href":"http:\/\/www.straz.pulawy.pl\/index.php?rest_route=%2Fwp%2Fv2%2Fcategories&post=4052"},{"taxonomy":"post_tag","embeddable":true,"href":"http:\/\/www.straz.pulawy.pl\/index.php?rest_route=%2Fwp%2Fv2%2Ftags&post=4052"}],"curies":[{"name":"wp","href":"https:\/\/api.w.org\/{rel}","templated":true}]}}