{"id":2687,"date":"2019-05-19T08:08:12","date_gmt":"2019-05-19T06:08:12","guid":{"rendered":"http:\/\/www.straz.pulawy.pl\/?p=2687"},"modified":"2019-05-28T07:53:35","modified_gmt":"2019-05-28T05:53:35","slug":"wojewodzkie-obchody-dnia-strazaka-23-maja-2019-r-swidnik","status":"publish","type":"post","link":"http:\/\/www.straz.pulawy.pl\/?p=2687","title":{"rendered":"Wojew\u00f3dzkie Obchody Dnia Stra\u017caka 23 maja 2019 r. \u015awidnik"},"content":{"rendered":"<p>Zapraszamy do udzia\u0142u w Wojew\u00f3dzkich Obchodach Dnia Stra\u017caka po\u0142\u0105czonych z nadaniem Sztandaru Komendzie Powiatowej PSP w \u015awidniku organizowanych 23 maja br. w \u015awidniku<\/p>\n<p><img loading=\"lazy\" decoding=\"async\" class=\"alignnone size-medium wp-image-2688\" src=\"http:\/\/www.straz.pulawy.pl\/wp-content\/uploads\/2019\/05\/Plakat-do-druku_2019-212x300.jpg\" alt=\"\" width=\"212\" height=\"300\" srcset=\"http:\/\/www.straz.pulawy.pl\/wp-content\/uploads\/2019\/05\/Plakat-do-druku_2019-212x300.jpg 212w, http:\/\/www.straz.pulawy.pl\/wp-content\/uploads\/2019\/05\/Plakat-do-druku_2019-768x1085.jpg 768w, http:\/\/www.straz.pulawy.pl\/wp-content\/uploads\/2019\/05\/Plakat-do-druku_2019-725x1024.jpg 725w\" sizes=\"auto, (max-width: 212px) 100vw, 212px\" \/><\/p>\n","protected":false},"excerpt":{"rendered":"<p>Zapraszamy do udzia\u0142u w Wojew\u00f3dzkich Obchodach Dnia Stra\u017caka po\u0142\u0105czonych z nadaniem Sztandaru Komendzie Powiatowej PSP w \u015awidniku organizowanych 23 maja br. w \u015awidniku<\/p>\n","protected":false},"author":2,"featured_media":2688,"comment_status":"closed","ping_status":"open","sticky":false,"template":"","format":"standard","meta":{"footnotes":"","_links_to":"","_links_to_target":""},"categories":[1],"tags":[],"class_list":["post-2687","post","type-post","status-publish","format-standard","has-post-thumbnail","hentry","category-aktualnosci"],"_links":{"self":[{"href":"http:\/\/www.straz.pulawy.pl\/index.php?rest_route=\/wp\/v2\/posts\/2687","targetHints":{"allow":["GET"]}}],"collection":[{"href":"http:\/\/www.straz.pulawy.pl\/index.php?rest_route=\/wp\/v2\/posts"}],"about":[{"href":"http:\/\/www.straz.pulawy.pl\/index.php?rest_route=\/wp\/v2\/types\/post"}],"author":[{"embeddable":true,"href":"http:\/\/www.straz.pulawy.pl\/index.php?rest_route=\/wp\/v2\/users\/2"}],"replies":[{"embeddable":true,"href":"http:\/\/www.straz.pulawy.pl\/index.php?rest_route=%2Fwp%2Fv2%2Fcomments&post=2687"}],"version-history":[{"count":1,"href":"http:\/\/www.straz.pulawy.pl\/index.php?rest_route=\/wp\/v2\/posts\/2687\/revisions"}],"predecessor-version":[{"id":2689,"href":"http:\/\/www.straz.pulawy.pl\/index.php?rest_route=\/wp\/v2\/posts\/2687\/revisions\/2689"}],"wp:featuredmedia":[{"embeddable":true,"href":"http:\/\/www.straz.pulawy.pl\/index.php?rest_route=\/wp\/v2\/media\/2688"}],"wp:attachment":[{"href":"http:\/\/www.straz.pulawy.pl\/index.php?rest_route=%2Fwp%2Fv2%2Fmedia&parent=2687"}],"wp:term":[{"taxonomy":"category","embeddable":true,"href":"http:\/\/www.straz.pulawy.pl\/index.php?rest_route=%2Fwp%2Fv2%2Fcategories&post=2687"},{"taxonomy":"post_tag","embeddable":true,"href":"http:\/\/www.straz.pulawy.pl\/index.php?rest_route=%2Fwp%2Fv2%2Ftags&post=2687"}],"curies":[{"name":"wp","href":"https:\/\/api.w.org\/{rel}","templated":true}]}}