{"id":2676,"date":"2019-05-16T11:59:21","date_gmt":"2019-05-16T09:59:21","guid":{"rendered":"http:\/\/www.straz.pulawy.pl\/?p=2676"},"modified":"2019-06-04T09:05:50","modified_gmt":"2019-06-04T07:05:50","slug":"xxiii-pielgrzymka-strazakow-do-matki-bozej-kebelskiej-w-wawolnicy-2-czerwca-2019-r","status":"publish","type":"post","link":"http:\/\/www.straz.pulawy.pl\/?p=2676","title":{"rendered":"XXIII PIELGRZYMKA STRA\u017bAK\u00d3W DO MATKI BO\u017bEJ K\u0118BELSKIEJ W W\u0104WOLNICY 2 czerwca 2019 r."},"content":{"rendered":"<p>Podobnie jak w latach poprzednich, tak i w tym roku odb\u0119dziemy nasz\u0105 tradycyjn\u0105 pielgrzymk\u0119 do Tronu Pani K\u0119belskiej. Podczas tego wa\u017cnego wydarzenia dla naszej spo\u0142eczno\u015bci, b\u0119dziemy za Jej po\u015brednictwem przedstawiali Bogu, nasze wielkie i ma\u0142e sprawy, troski, zmartwienia, sukcesy i rado\u015bci. Ufamy, \u017ce Matka Bo\u017ca wyjedna nam potrzebne b\u0142ogos\u0142awie\u0144stwa do dalszego owocnego \u017cycia w rodzinach i stra\u017cackiej s\u0142u\u017cbie.<\/p>\n<p>W roku bie\u017c\u0105cym pielgrzymowa\u0107 b\u0119dziemy w pierwsz\u0105 niedziel\u0119 czerwca. Termin pielgrzymki wpisa\u0142 si\u0119 na trwa\u0142e w kalendarz uroczysto\u015bci stra\u017cackich, nie zmieniaj\u0105c charakteru i celu za\u0142o\u017conego u jej zarania. Proponowane udoskonalenia w programie i organizacji, maj\u0105 u\u0142atwi\u0107 obecno\u015b\u0107 wi\u0119kszej ilo\u015bci stra\u017cak\u00f3w i ich rodzin, zapewni\u0107 wi\u0119ksze bezpiecze\u0144stwo i porz\u0105dek podczas trwania pielgrzymki oraz uatrakcyjni\u0107 sam jej przebieg. Cieszymy si\u0119 z okazanej pomocy w\u0142adz w przygotowaniu i przeprowadzeniu naszej pielgrzymki.<\/p>\n<p>Ufaj\u0105c Bo\u017cej opatrzno\u015bci oczekujemy Waszej odpowiedzi i obecno\u015bci podczas tego jak\u017ce wa\u017cnego wydarzenia. Prosimy r\u00f3wnie\u017c o dok\u0142adne zapoznanie si\u0119 ze szczeg\u00f3\u0142owymi informacjami, programem i wymogami, kt\u00f3re pomog\u0105 Wam w owocnym udziale, a organizatorom w solidnym realizowaniu Pielgrzymki Stra\u017cak\u00f3w do W\u0105wolnicy.<\/p>\n<h3><a href=\"http:\/\/www.straz.pulawy.pl\/wp-content\/uploads\/2019\/05\/Karta-zgloszenia-2019.doc\"><strong>Karta zgloszenia 2019 &#8211; pobierz<\/strong><\/a><\/h3>\n<p>&nbsp;<\/p>\n<p>[pdf-embedder url=&#8221;http:\/\/www.straz.pulawy.pl\/wp-content\/uploads\/2019\/05\/PLAKAT-PIELGRZYMKOWY_11.05.pdf&#8221; title=&#8221;PLAKAT PIELGRZYMKOWY_11.05&#8243;][pdf-embedder url=&#8221;http:\/\/www.straz.pulawy.pl\/wp-content\/uploads\/2019\/05\/Ustalenia-organizacyjne-MBK-2019.pdf&#8221; title=&#8221;Ustalenia organizacyjne MBK 2019&#8243;]<\/p>\n","protected":false},"excerpt":{"rendered":"<p>Podobnie jak w latach poprzednich, tak i w tym roku odb\u0119dziemy nasz\u0105 tradycyjn\u0105 pielgrzymk\u0119 do Tronu Pani K\u0119belskiej. Podczas tego wa\u017cnego wydarzenia dla naszej spo\u0142eczno\u015bci, b\u0119dziemy za Jej po\u015brednictwem przedstawiali Bogu, nasze wielkie i ma\u0142e sprawy, troski, zmartwienia, sukcesy i rado\u015bci. Ufamy, \u017ce Matka Bo\u017ca wyjedna nam potrzebne b\u0142ogos\u0142awie\u0144stwa do dalszego owocnego \u017cycia w rodzinach [&hellip;]<\/p>\n","protected":false},"author":2,"featured_media":2685,"comment_status":"closed","ping_status":"open","sticky":false,"template":"","format":"standard","meta":{"footnotes":"","_links_to":"","_links_to_target":""},"categories":[1],"tags":[],"class_list":["post-2676","post","type-post","status-publish","format-standard","has-post-thumbnail","hentry","category-aktualnosci"],"_links":{"self":[{"href":"http:\/\/www.straz.pulawy.pl\/index.php?rest_route=\/wp\/v2\/posts\/2676","targetHints":{"allow":["GET"]}}],"collection":[{"href":"http:\/\/www.straz.pulawy.pl\/index.php?rest_route=\/wp\/v2\/posts"}],"about":[{"href":"http:\/\/www.straz.pulawy.pl\/index.php?rest_route=\/wp\/v2\/types\/post"}],"author":[{"embeddable":true,"href":"http:\/\/www.straz.pulawy.pl\/index.php?rest_route=\/wp\/v2\/users\/2"}],"replies":[{"embeddable":true,"href":"http:\/\/www.straz.pulawy.pl\/index.php?rest_route=%2Fwp%2Fv2%2Fcomments&post=2676"}],"version-history":[{"count":6,"href":"http:\/\/www.straz.pulawy.pl\/index.php?rest_route=\/wp\/v2\/posts\/2676\/revisions"}],"predecessor-version":[{"id":2686,"href":"http:\/\/www.straz.pulawy.pl\/index.php?rest_route=\/wp\/v2\/posts\/2676\/revisions\/2686"}],"wp:featuredmedia":[{"embeddable":true,"href":"http:\/\/www.straz.pulawy.pl\/index.php?rest_route=\/wp\/v2\/media\/2685"}],"wp:attachment":[{"href":"http:\/\/www.straz.pulawy.pl\/index.php?rest_route=%2Fwp%2Fv2%2Fmedia&parent=2676"}],"wp:term":[{"taxonomy":"category","embeddable":true,"href":"http:\/\/www.straz.pulawy.pl\/index.php?rest_route=%2Fwp%2Fv2%2Fcategories&post=2676"},{"taxonomy":"post_tag","embeddable":true,"href":"http:\/\/www.straz.pulawy.pl\/index.php?rest_route=%2Fwp%2Fv2%2Ftags&post=2676"}],"curies":[{"name":"wp","href":"https:\/\/api.w.org\/{rel}","templated":true}]}}