{"id":2613,"date":"2019-05-08T18:16:16","date_gmt":"2019-05-08T16:16:16","guid":{"rendered":"http:\/\/www.straz.pulawy.pl\/?p=2613"},"modified":"2021-12-07T15:21:36","modified_gmt":"2021-12-07T14:21:36","slug":"xiii-ogolnopolski-turniej-czterech-wspinalni-w-drabinie-hakowej-2","status":"publish","type":"post","link":"http:\/\/www.straz.pulawy.pl\/?p=2613","title":{"rendered":"XIII Og\u00f3lnopolski Turniej Czterech Wspinalni w Drabinie Hakowej"},"content":{"rendered":"<p>Przez trzy dni zawodnicy rywalizuj\u0105 ze sob\u0105 o puchar Komendanta G\u0142\u00f3wnego Pa\u0144stwowej Stra\u017cy Po\u017carnej w ramach XIII edycji \u201eOg\u00f3lnopolskiego Turnieju Czterech Wspinalni w Drabinie Hakowej\u201d.\u00a0 W pierwszym dniu zawod\u00f3w konkurencja odby\u0142a si\u0119 na obiekcie Komendy Powiatowejw Nisku. W drugim dniu zawod\u00f3w na obiektach w Sandomierzu i Pu\u0142awach. W trzecim dniu zawod\u00f3w w Kozienicach odb\u0119dzie si\u0119 fina\u0142owa rywalizacja. Na obiekcie w Pu\u0142awach wzi\u0119\u0142o udzia\u0142 87 zawodnik\u00f3w. Zmagania rozpocz\u0119\u0142y si\u0119 o godzinie 15. Zawody sta\u0142y na bardzo wysokim poziomie. Nie zabrak\u0142o wspomnianych emocji oraz twardej sportowej rywalizacji. Zawody przebieg\u0142y w przyjaznej i kole\u017ce\u0144skiej atmosferze oraz duchu prawdziwej rywalizacji sportowej. Trzeci etap Turnieju podsumowa\u0142 Zast\u0119pca Lubelskiego Komendanta Wojew\u00f3dzkiego PSP w Lublinie st. bryg. Szczepan Go\u0142awski. Najlepszych sze\u015bciu zawodnik\u00f3w zosta\u0142o wyr\u00f3\u017cnionych pucharami, okoliczno\u015bciowymi dyplomami i atrakcyjnymi nagrodami.<\/p>\n<p>Ko\u0144cowa klasyfikacja rywalizacji w konkurencji drabiny hakowej rozegranej na wspinalni przy Komendzie Powiatowej PSP w Pu\u0142awach przedstawia\u0142a si\u0119 nast\u0119puj\u0105co:<\/p>\n<table style=\"border-collapse: collapse; width: 626px; height: 235px;\" border=\"0\" width=\"192\" cellspacing=\"0\" cellpadding=\"0\">\n<colgroup>\n<col style=\"width: 48pt;\" span=\"3\" width=\"64\" \/> <\/colgroup>\n<tbody>\n<tr style=\"height: 15.0pt;\">\n<td class=\"xl67\" style=\"height: 15.0pt; width: 48pt;\" width=\"64\" height=\"20\">1<\/td>\n<td class=\"xl66\" style=\"border-left: none; width: 48pt;\" width=\"64\">Bart\u0142omiej Siepietowski<\/td>\n<td class=\"xl68\" style=\"border-left: none; width: 48pt;\" align=\"right\" width=\"64\">14,45<\/td>\n<\/tr>\n<tr style=\"height: 15.0pt;\">\n<td class=\"xl67\" style=\"height: 15.0pt; border-top: none;\" height=\"20\">2<\/td>\n<td class=\"xl66\" style=\"border-top: none; border-left: none;\">Tobiasz Klama<\/td>\n<td class=\"xl68\" style=\"border-top: none; border-left: none;\" align=\"right\">14,52<\/td>\n<\/tr>\n<tr style=\"height: 15.0pt;\">\n<td class=\"xl67\" style=\"height: 15.0pt; border-top: none;\" height=\"20\">3<\/td>\n<td class=\"xl66\" style=\"border-top: none; border-left: none;\">Przemys\u0142aw Kierzenkowski<\/td>\n<td class=\"xl68\" style=\"border-top: none; border-left: none;\" align=\"right\">14,65<\/td>\n<\/tr>\n<tr style=\"height: 15.0pt;\">\n<td class=\"xl67\" style=\"height: 15.0pt; border-top: none;\" height=\"20\">4<\/td>\n<td class=\"xl66\" style=\"border-top: none; border-left: none;\">Mateusz Jurkiewicz<\/td>\n<td class=\"xl68\" style=\"border-top: none; border-left: none;\" align=\"right\">14,69<\/td>\n<\/tr>\n<tr style=\"height: 15.0pt;\">\n<td class=\"xl67\" style=\"height: 15.0pt; border-top: none;\" height=\"20\">5<\/td>\n<td class=\"xl66\" style=\"border-top: none; border-left: none;\">Mateusz Brzoza<\/td>\n<td class=\"xl68\" style=\"border-top: none; border-left: none;\" align=\"right\">14,74<\/td>\n<\/tr>\n<tr style=\"height: 15.0pt;\">\n<td class=\"xl67\" style=\"height: 15.0pt; border-top: none;\" height=\"20\">6<\/td>\n<td class=\"xl66\" style=\"border-top: none; border-left: none;\">Micha\u0142 Erdma\u0144ski<\/td>\n<td class=\"xl68\" style=\"border-top: none; border-left: none;\" align=\"right\">14,94<\/td>\n<\/tr>\n<\/tbody>\n<\/table>\n<p>&nbsp;<\/p>\n<p>Nagrody ufundowane przez Partner\u00f3w organizatora:<\/p>\n<ol>\n<li>Lubelskiego Komendanta Wojew\u00f3dzkiego Pa\u0144stwowej Stra\u017cy Po\u017carnej w Lublinie wr\u0119cza\u0142 st. bryg. Szczepan Go\u0142awski &#8211; Zast\u0119pca Lubelskiego Komendanta Wojew\u00f3dzkiego PSP w Lublinie,<\/li>\n<li>Powiat Pu\u0142awski wr\u0119czy\u0142a Starosta Pu\u0142awski Pani Danuta Smaga,<\/li>\n<li>Miasto Pu\u0142awy &#8211; w imieniu Prezydenta nagrody wr\u0119czy\u0142y: Pani Anna Maj &#8211; Kierownik Wydzia\u0142u Edukacji, Sportu i Spraw Spo\u0142ecznych UM Pu\u0142awy oraz Pani Magdalena Wo\u017aniakowska &#8211; Kierownik Wydzia\u0142u Kultury, Promocji i Komunikacji Spo\u0142ecznej UM Pu\u0142awy,<\/li>\n<li>Grup\u0119 Azoty Zak\u0142ady Azotowe PU\u0141AWY S.A. wr\u0119czy\u0142 Pan Dariusz Pranga &#8211; Dyrektor Pionu Wsparcia Grupy Azoty ZA Pu\u0142awy S.A.<\/li>\n<\/ol>\n<p><img loading=\"lazy\" decoding=\"async\" class=\"size-medium wp-image-2654 alignright\" src=\"http:\/\/www.straz.pulawy.pl\/wp-content\/uploads\/2019\/05\/logo_eng-300x192.jpg\" alt=\"\" width=\"300\" height=\"192\" srcset=\"http:\/\/www.straz.pulawy.pl\/wp-content\/uploads\/2019\/05\/logo_eng-300x192.jpg 300w, http:\/\/www.straz.pulawy.pl\/wp-content\/uploads\/2019\/05\/logo_eng.jpg 490w\" sizes=\"auto, (max-width: 300px) 100vw, 300px\" \/><img loading=\"lazy\" decoding=\"async\" class=\"size-medium wp-image-2652 alignleft\" src=\"http:\/\/www.straz.pulawy.pl\/wp-content\/uploads\/2019\/05\/herb_powiat-221x300.jpg\" alt=\"\" width=\"221\" height=\"300\" \/><img loading=\"lazy\" decoding=\"async\" class=\"size-full wp-image-2651 aligncenter\" src=\"http:\/\/www.straz.pulawy.pl\/wp-content\/uploads\/2019\/05\/245px-LOGO_Grupa_Azoty_Zak\u0142ady_Azotowe_Pulawy-e1557333002918.jpg\" alt=\"\" width=\"245\" height=\"224\" \/><\/p>\n","protected":false},"excerpt":{"rendered":"<p>Przez trzy dni zawodnicy rywalizuj\u0105 ze sob\u0105 o puchar Komendanta G\u0142\u00f3wnego Pa\u0144stwowej Stra\u017cy Po\u017carnej w ramach XIII edycji \u201eOg\u00f3lnopolskiego Turnieju Czterech Wspinalni w Drabinie Hakowej\u201d.\u00a0 W pierwszym dniu zawod\u00f3w konkurencja odby\u0142a si\u0119 na obiekcie Komendy Powiatowejw Nisku. W drugim dniu zawod\u00f3w na obiektach w Sandomierzu i Pu\u0142awach. W trzecim dniu zawod\u00f3w w Kozienicach odb\u0119dzie si\u0119 [&hellip;]<\/p>\n","protected":false},"author":2,"featured_media":2644,"comment_status":"closed","ping_status":"open","sticky":false,"template":"","format":"gallery","meta":{"footnotes":"","_links_to":"","_links_to_target":""},"categories":[1],"tags":[],"class_list":["post-2613","post","type-post","status-publish","format-gallery","has-post-thumbnail","hentry","category-aktualnosci","post_format-post-format-gallery"],"_links":{"self":[{"href":"http:\/\/www.straz.pulawy.pl\/index.php?rest_route=\/wp\/v2\/posts\/2613","targetHints":{"allow":["GET"]}}],"collection":[{"href":"http:\/\/www.straz.pulawy.pl\/index.php?rest_route=\/wp\/v2\/posts"}],"about":[{"href":"http:\/\/www.straz.pulawy.pl\/index.php?rest_route=\/wp\/v2\/types\/post"}],"author":[{"embeddable":true,"href":"http:\/\/www.straz.pulawy.pl\/index.php?rest_route=\/wp\/v2\/users\/2"}],"replies":[{"embeddable":true,"href":"http:\/\/www.straz.pulawy.pl\/index.php?rest_route=%2Fwp%2Fv2%2Fcomments&post=2613"}],"version-history":[{"count":9,"href":"http:\/\/www.straz.pulawy.pl\/index.php?rest_route=\/wp\/v2\/posts\/2613\/revisions"}],"predecessor-version":[{"id":5119,"href":"http:\/\/www.straz.pulawy.pl\/index.php?rest_route=\/wp\/v2\/posts\/2613\/revisions\/5119"}],"wp:featuredmedia":[{"embeddable":true,"href":"http:\/\/www.straz.pulawy.pl\/index.php?rest_route=\/wp\/v2\/media\/2644"}],"wp:attachment":[{"href":"http:\/\/www.straz.pulawy.pl\/index.php?rest_route=%2Fwp%2Fv2%2Fmedia&parent=2613"}],"wp:term":[{"taxonomy":"category","embeddable":true,"href":"http:\/\/www.straz.pulawy.pl\/index.php?rest_route=%2Fwp%2Fv2%2Fcategories&post=2613"},{"taxonomy":"post_tag","embeddable":true,"href":"http:\/\/www.straz.pulawy.pl\/index.php?rest_route=%2Fwp%2Fv2%2Ftags&post=2613"}],"curies":[{"name":"wp","href":"https:\/\/api.w.org\/{rel}","templated":true}]}}