{"id":2567,"date":"2019-04-30T15:45:06","date_gmt":"2019-04-30T13:45:06","guid":{"rendered":"http:\/\/www.straz.pulawy.pl\/?p=2567"},"modified":"2019-05-06T14:47:27","modified_gmt":"2019-05-06T12:47:27","slug":"zyczenia-sekretarza-stanu-w-ministerstwie-spraw-wewnetrznych-i-administracji-z-okazji-dnia-strazaka","status":"publish","type":"post","link":"http:\/\/www.straz.pulawy.pl\/?p=2567","title":{"rendered":"\u017byczenia Sekretarza Stanu w Ministerstwie Spraw Wewn\u0119trznych i Administracji z okazji Dnia Stra\u017caka"},"content":{"rendered":"<p><iframe loading=\"lazy\" src=\"https:\/\/www.straz.gov.pl\/pics\/rysunki\/4_maja_2019\/\u017byczenia Sekretarza Stanu w MSWiA.mp4\" width=\"800\" height=\"520\" frameborder=\"0\" allowfullscreen=\"allowfullscreen\"><span style=\"display: inline-block; width: 0px; overflow: hidden; line-height: 0;\" data-mce-type=\"bookmark\" class=\"mce_SELRES_start\">\ufeff<\/span><span style=\"display: inline-block; width: 0px; overflow: hidden; line-height: 0;\" data-mce-type=\"bookmark\" class=\"mce_SELRES_start\">\ufeff<\/span><\/iframe><\/p>\n","protected":false},"excerpt":{"rendered":"<p>\ufeff\ufeff<\/p>\n","protected":false},"author":2,"featured_media":2577,"comment_status":"closed","ping_status":"open","sticky":false,"template":"","format":"standard","meta":{"footnotes":"","_links_to":"","_links_to_target":""},"categories":[1],"tags":[],"class_list":["post-2567","post","type-post","status-publish","format-standard","has-post-thumbnail","hentry","category-aktualnosci"],"_links":{"self":[{"href":"http:\/\/www.straz.pulawy.pl\/index.php?rest_route=\/wp\/v2\/posts\/2567","targetHints":{"allow":["GET"]}}],"collection":[{"href":"http:\/\/www.straz.pulawy.pl\/index.php?rest_route=\/wp\/v2\/posts"}],"about":[{"href":"http:\/\/www.straz.pulawy.pl\/index.php?rest_route=\/wp\/v2\/types\/post"}],"author":[{"embeddable":true,"href":"http:\/\/www.straz.pulawy.pl\/index.php?rest_route=\/wp\/v2\/users\/2"}],"replies":[{"embeddable":true,"href":"http:\/\/www.straz.pulawy.pl\/index.php?rest_route=%2Fwp%2Fv2%2Fcomments&post=2567"}],"version-history":[{"count":1,"href":"http:\/\/www.straz.pulawy.pl\/index.php?rest_route=\/wp\/v2\/posts\/2567\/revisions"}],"predecessor-version":[{"id":2568,"href":"http:\/\/www.straz.pulawy.pl\/index.php?rest_route=\/wp\/v2\/posts\/2567\/revisions\/2568"}],"wp:featuredmedia":[{"embeddable":true,"href":"http:\/\/www.straz.pulawy.pl\/index.php?rest_route=\/wp\/v2\/media\/2577"}],"wp:attachment":[{"href":"http:\/\/www.straz.pulawy.pl\/index.php?rest_route=%2Fwp%2Fv2%2Fmedia&parent=2567"}],"wp:term":[{"taxonomy":"category","embeddable":true,"href":"http:\/\/www.straz.pulawy.pl\/index.php?rest_route=%2Fwp%2Fv2%2Fcategories&post=2567"},{"taxonomy":"post_tag","embeddable":true,"href":"http:\/\/www.straz.pulawy.pl\/index.php?rest_route=%2Fwp%2Fv2%2Ftags&post=2567"}],"curies":[{"name":"wp","href":"https:\/\/api.w.org\/{rel}","templated":true}]}}