{"id":200,"date":"2019-04-29T20:57:00","date_gmt":"2019-04-29T18:57:00","guid":{"rendered":"http:\/\/www.straz.pulawy.pl\/?p=200"},"modified":"2019-05-06T09:47:10","modified_gmt":"2019-05-06T07:47:10","slug":"pokazy-strazackie-z-okazji-dnia-strazaka-4-maja","status":"publish","type":"post","link":"http:\/\/www.straz.pulawy.pl\/?p=200","title":{"rendered":"Pokazy stra\u017cackie z Okazji Dnia Stra\u017caka 4 maja."},"content":{"rendered":"<div class=\"field field-name-body field-type-text-with-summary field-label-hidden clearfix\">\n<div class=\"field-items\">\n<div class=\"field-item even\">\n<div>Komenda Powiatowa Pa\u0144stwowej Stra\u017cy Po\u017carnej oraz Zak\u0142adowa Stra\u017c Po\u017carna G. A. Pu\u0142awy zapraszaj\u0105 wszystkich zainteresowanych na poazy sprz\u0119tu z okazji Og\u00f3lnopolskiego Dnia Stra\u017caka. W dniu 4 maja br. przed siedzib\u0105 tut. jednostk (na b\u0142oniach pu\u0142awskich) w godzinach 11.00-17.00 stra\u017cacy wyjad\u0105 swoimi samochodami bojowymi. B\u0119dzie mo\u017cna przekona\u0107 si\u0119, jak taki w\u00f3z wygl\u0105da od \u015brodka. Ratownicy opowiedz\u0105 o wyposa\u017ceniu, kt\u00f3rego u\u017cywaj\u0105 na co dzie\u0144. Podczas pokaz\u00f3w b\u0119dzie mo\u017cna:<\/div>\n<div>&#8211; zasi\u0105\u015b\u0107 za kierownic\u0105 wozu bojowego,<br \/>\n&#8211; w\u0142\u0105czy\u0107 na chwil\u0119 syren\u0119 alarmow\u0105,<\/div>\n<div>&#8211; u\u017cy\u0107 stra\u017cackiej pr\u0105downicy<br \/>\n&#8211; zrobi\u0107 zdj\u0119cie ze stra\u017cakami (w he\u0142mie stra\u017cackim lub na tle prezentowanego sprz\u0119tu).<\/div>\n<\/div>\n<\/div>\n<\/div>\n","protected":false},"excerpt":{"rendered":"<p>Komenda Powiatowa Pa\u0144stwowej Stra\u017cy Po\u017carnej oraz Zak\u0142adowa Stra\u017c Po\u017carna G. A. Pu\u0142awy zapraszaj\u0105 wszystkich zainteresowanych na poazy sprz\u0119tu z okazji Og\u00f3lnopolskiego Dnia Stra\u017caka. W dniu 4 maja br. przed siedzib\u0105 tut. jednostk (na b\u0142oniach pu\u0142awskich) w godzinach 11.00-17.00 stra\u017cacy wyjad\u0105 swoimi samochodami bojowymi. B\u0119dzie mo\u017cna przekona\u0107 si\u0119, jak taki w\u00f3z wygl\u0105da od \u015brodka. Ratownicy opowiedz\u0105 [&hellip;]<\/p>\n","protected":false},"author":2,"featured_media":201,"comment_status":"closed","ping_status":"open","sticky":false,"template":"","format":"standard","meta":{"footnotes":"","_links_to":"","_links_to_target":""},"categories":[1],"tags":[],"class_list":["post-200","post","type-post","status-publish","format-standard","has-post-thumbnail","hentry","category-aktualnosci"],"_links":{"self":[{"href":"http:\/\/www.straz.pulawy.pl\/index.php?rest_route=\/wp\/v2\/posts\/200","targetHints":{"allow":["GET"]}}],"collection":[{"href":"http:\/\/www.straz.pulawy.pl\/index.php?rest_route=\/wp\/v2\/posts"}],"about":[{"href":"http:\/\/www.straz.pulawy.pl\/index.php?rest_route=\/wp\/v2\/types\/post"}],"author":[{"embeddable":true,"href":"http:\/\/www.straz.pulawy.pl\/index.php?rest_route=\/wp\/v2\/users\/2"}],"replies":[{"embeddable":true,"href":"http:\/\/www.straz.pulawy.pl\/index.php?rest_route=%2Fwp%2Fv2%2Fcomments&post=200"}],"version-history":[{"count":1,"href":"http:\/\/www.straz.pulawy.pl\/index.php?rest_route=\/wp\/v2\/posts\/200\/revisions"}],"predecessor-version":[{"id":202,"href":"http:\/\/www.straz.pulawy.pl\/index.php?rest_route=\/wp\/v2\/posts\/200\/revisions\/202"}],"wp:featuredmedia":[{"embeddable":true,"href":"http:\/\/www.straz.pulawy.pl\/index.php?rest_route=\/wp\/v2\/media\/201"}],"wp:attachment":[{"href":"http:\/\/www.straz.pulawy.pl\/index.php?rest_route=%2Fwp%2Fv2%2Fmedia&parent=200"}],"wp:term":[{"taxonomy":"category","embeddable":true,"href":"http:\/\/www.straz.pulawy.pl\/index.php?rest_route=%2Fwp%2Fv2%2Fcategories&post=200"},{"taxonomy":"post_tag","embeddable":true,"href":"http:\/\/www.straz.pulawy.pl\/index.php?rest_route=%2Fwp%2Fv2%2Ftags&post=200"}],"curies":[{"name":"wp","href":"https:\/\/api.w.org\/{rel}","templated":true}]}}